{"id":20994,"date":"2025-05-10T15:49:55","date_gmt":"2025-05-10T15:49:55","guid":{"rendered":"https:\/\/blogseyir.com\/wp\/?p=20994"},"modified":"2025-05-10T15:49:57","modified_gmt":"2025-05-10T15:49:57","slug":"big-basta-ne-ferma-vip-dhe-aludimet-per-ndarje-vesa-luma-reagon-njehere-e-mire-pas-lindjes-se-djalit-e-kuptova-se","status":"publish","type":"post","link":"https:\/\/blogseyir.com\/wp\/big-basta-ne-ferma-vip-dhe-aludimet-per-ndarje-vesa-luma-reagon-njehere-e-mire-pas-lindjes-se-djalit-e-kuptova-se\/","title":{"rendered":"Big Basta n\u00eb Ferma VIP dhe aludimet p\u00ebr ndarje, Vesa Luma reagon nj\u00ebher\u00eb e mir\u00eb: \u201cPas lindjes s\u00eb djalit e kuptova se\u2026\u201d"},"content":{"rendered":"<p>Pas hyrjes s\u00eb Big Bast\u00ebs n\u00eb \u201cFerma VIP\u201d, rrjetet sociale u mbush\u00ebn me aludime p\u00ebr nj\u00eb ndarje apo krisje mes tij dhe k\u00ebng\u00ebtares Vesa Luma.<\/p>\n<p><img loading=\"lazy\" decoding=\"async\" class=\"alignnone size-full wp-image-19340\" src=\"https:\/\/blogseyir.com\/wp\/wp-content\/uploads\/2025\/05\/779BE0B1-62CF-4013-BBB1-2863A3B4D851.jpg\" alt=\"\" width=\"750\" height=\"496\" \/><\/p>\n<p>Por, p\u00ebr t\u2019i dh\u00ebn\u00eb fund thashethemeve nj\u00ebher\u00eb e mir\u00eb, ka reaguar vet\u00eb Vesa me nj\u00eb mesazh t\u00eb gjat\u00eb e t\u00eb ndjer\u00eb n\u00eb Instagram.<\/p>\n<p>Ajo shpjegon se pjes\u00ebmarrja e Gerit (Big Bast\u00ebs) n\u00eb reality show \u00ebsht\u00eb pik\u00ebrisht nj\u00eb shembull pozitiv p\u00ebr shoq\u00ebrin\u00eb, dhe se ideja e pjes\u00ebmarrjes ka ardhur edhe nga vet\u00eb ajo.<\/p>\n<p>\u201cPas lindjes s\u00eb djalit e kuptova realisht esenc\u00ebn e jet\u00ebs,\u201d shkruan Vesa, duke theksuar se ka p\u00ebrdorur gjithmon\u00eb platformat e saj p\u00ebr t\u00eb luftuar modele t\u00eb gabuara q\u00eb i ofrohen rinis\u00eb.<\/p>\n<p>Ajo shton se \u00ebsht\u00eb krenare p\u00ebr partnerin e saj, duke e cil\u00ebsuar si \u201crepistin m\u00eb social, m\u00eb t\u00eb drejt\u00eb dhe m\u00eb me k\u00ebmb\u00eb n\u00eb tok\u00eb\u201d, dhe thekson se p\u00ebrmes q\u00ebndrimit t\u00eb tij t\u00eb qet\u00eb e t\u00eb men\u00e7ur n\u00eb reality show, ai po jep nj\u00eb shembull t\u00eb vyer p\u00ebr djalin e tyre dhe t\u00eb gjith\u00eb ndjek\u00ebsit.<\/p>\n<p>P\u00ebr ta mbyllur, Vesa shkruan me humor:<br \/>\n\u201cTani m\u00eb thoni\u2026 t\u00eb shkoj t\u2019i b\u00ebj nj\u00eb surpriz\u00eb p\u00ebr dit\u00eblindjen time t\u00eb h\u00ebn\u00ebn, dhe \u00e7\u2019t\u2019i them nga ju \u2013 se nga un\u00eb, e di vet!\u201d<\/p>\n<p><img loading=\"lazy\" decoding=\"async\" class=\"alignnone size-full wp-image-19341\" src=\"https:\/\/blogseyir.com\/wp\/wp-content\/uploads\/2025\/05\/E22DD489-20FA-41BC-84EA-A7F3C10732C6.jpg\" alt=\"\" width=\"465\" height=\"750\" \/><\/p>\n<p>Mesazhi i saj u mir\u00ebprit dhe duket se i ka mbyllur p\u00ebrfundimisht goj\u00ebn z\u00ebrave p\u00ebr ndarje.<\/p>\n<div id=\"blogs-3401957980\" class=\"blogs-after-content blogs-entity-placement\"><div id=\"div-gpt-ad-1770230601260-0\" style=\"width:300px; height:600px;\"><\/div><\/div><div id=\"blogs-2774717375\" class=\"blogs-adsense-after-kontent blogs-entity-placement\"><script async src=\"https:\/\/pagead2.googlesyndication.com\/pagead\/js\/adsbygoogle.js\"\r\n     crossorigin=\"anonymous\"><\/script>\r\n<!-- Tiranaread -->\r\n<ins class=\"adsbygoogle\"\r\n     style=\"display:inline-block;width:728px;height:90px\"\r\n     data-ad-client=\"ca-pub-2355142065052501\"\r\n\t data-page-url=\"https:\/\/blogseyir.com\"\r\n     data-ad-slot=\"7464751963\"><\/ins>\r\n<script>\r\n     (adsbygoogle = window.adsbygoogle || []).push({});\r\n<\/script><\/div>","protected":false},"excerpt":{"rendered":"<p>Pas hyrjes s\u00eb Big Bast\u00ebs n\u00eb \u201cFerma VIP\u201d, rrjetet sociale u mbush\u00ebn me aludime p\u00ebr nj\u00eb ndarje apo krisje mes tij dhe k\u00ebng\u00ebtares Vesa Luma. Por, p\u00ebr t\u2019i dh\u00ebn\u00eb fund thashethemeve nj\u00ebher\u00eb e mir\u00eb, ka reaguar vet\u00eb Vesa me nj\u00eb mesazh t\u00eb gjat\u00eb e t\u00eb ndjer\u00eb n\u00eb Instagram. Ajo shpjegon se pjes\u00ebmarrja e Gerit (Big [&hellip;]<\/p>\n","protected":false},"author":1,"featured_media":20992,"comment_status":"open","ping_status":"closed","sticky":false,"template":"","format":"standard","meta":{"footnotes":""},"categories":[33],"tags":[804,805],"class_list":["post-20994","post","type-post","status-publish","format-standard","has-post-thumbnail","hentry","category-showbizi","tag-big-basta","tag-vesa-luma"],"_links":{"self":[{"href":"https:\/\/blogseyir.com\/wp\/wp-json\/wp\/v2\/posts\/20994","targetHints":{"allow":["GET"]}}],"collection":[{"href":"https:\/\/blogseyir.com\/wp\/wp-json\/wp\/v2\/posts"}],"about":[{"href":"https:\/\/blogseyir.com\/wp\/wp-json\/wp\/v2\/types\/post"}],"author":[{"embeddable":true,"href":"https:\/\/blogseyir.com\/wp\/wp-json\/wp\/v2\/users\/1"}],"replies":[{"embeddable":true,"href":"https:\/\/blogseyir.com\/wp\/wp-json\/wp\/v2\/comments?post=20994"}],"version-history":[{"count":1,"href":"https:\/\/blogseyir.com\/wp\/wp-json\/wp\/v2\/posts\/20994\/revisions"}],"predecessor-version":[{"id":20995,"href":"https:\/\/blogseyir.com\/wp\/wp-json\/wp\/v2\/posts\/20994\/revisions\/20995"}],"wp:featuredmedia":[{"embeddable":true,"href":"https:\/\/blogseyir.com\/wp\/wp-json\/wp\/v2\/media\/20992"}],"wp:attachment":[{"href":"https:\/\/blogseyir.com\/wp\/wp-json\/wp\/v2\/media?parent=20994"}],"wp:term":[{"taxonomy":"category","embeddable":true,"href":"https:\/\/blogseyir.com\/wp\/wp-json\/wp\/v2\/categories?post=20994"},{"taxonomy":"post_tag","embeddable":true,"href":"https:\/\/blogseyir.com\/wp\/wp-json\/wp\/v2\/tags?post=20994"}],"curies":[{"name":"wp","href":"https:\/\/api.w.org\/{rel}","templated":true}]}}