{"id":20207,"date":"2025-05-02T13:24:13","date_gmt":"2025-05-02T13:24:13","guid":{"rendered":"https:\/\/blogseyir.com\/wp\/?p=20207"},"modified":"2025-05-02T13:24:15","modified_gmt":"2025-05-02T13:24:15","slug":"lufta-me-rozanen-vazhdon-gerta-publikon-keto-pamje","status":"publish","type":"post","link":"https:\/\/blogseyir.com\/wp\/lufta-me-rozanen-vazhdon-gerta-publikon-keto-pamje\/","title":{"rendered":"\u2018Lufta\u2019 me Rozan\u00ebn vazhdon, Gerta publikon k\u00ebto pamje"},"content":{"rendered":"<p>Gerta Gixhari dhe Rozana Radi ishin dy ish banoret m\u00eb t\u00eb komentuara brenda sht\u00ebpis\u00eb.<\/p>\n<p><img loading=\"lazy\" decoding=\"async\" class=\"alignnone size-full wp-image-18166\" src=\"https:\/\/blogseyir.com\/wp\/wp-content\/uploads\/2025\/05\/BAC06F0C-7A6E-4126-BFCA-CC343448967E.jpg\" alt=\"\" width=\"750\" height=\"438\" \/><\/p>\n<p>Ato ishin rivale t\u00eb nj\u00ebra tjetr\u00ebs jo vet\u00ebm p\u00ebr loj\u00eb por edhe p\u00ebr disa hat\u00ebrmbetjet q\u00eb kishin krijuar nga situata jasht\u00eb sht\u00ebpis\u00eb.<\/p>\n<p>Ndon\u00ebse loja p\u00ebrfundoj si\u00e7 po shihet \u2018lufta\u2019 mes tyre ende nuk ka mbaruar, shkruan Kosovarja.<\/p>\n<p>Gerta ka publikuar nj\u00eb instastory q\u00eb kishin p\u00ebr ndjek\u00ebsit e saj me k\u00ebt\u00eb shkrim dedikuar Rozan\u00ebs:<\/p>\n<p><img loading=\"lazy\" decoding=\"async\" class=\"alignnone size-full wp-image-18167\" src=\"https:\/\/blogseyir.com\/wp\/wp-content\/uploads\/2025\/05\/79601C2A-FC59-4332-865C-1D67DA0B8714.jpg\" alt=\"\" width=\"419\" height=\"750\" \/><\/p>\n<div id=\"blogs-873891941\" class=\"blogs-after-content blogs-entity-placement\"><div id=\"div-gpt-ad-1770230601260-0\" style=\"width:300px; height:600px;\"><\/div><\/div><div id=\"blogs-1421381925\" class=\"blogs-adsense-after-kontent blogs-entity-placement\"><script async src=\"https:\/\/pagead2.googlesyndication.com\/pagead\/js\/adsbygoogle.js\"\r\n     crossorigin=\"anonymous\"><\/script>\r\n<!-- Tiranaread -->\r\n<ins class=\"adsbygoogle\"\r\n     style=\"display:inline-block;width:728px;height:90px\"\r\n     data-ad-client=\"ca-pub-2355142065052501\"\r\n\t data-page-url=\"https:\/\/blogseyir.com\"\r\n     data-ad-slot=\"7464751963\"><\/ins>\r\n<script>\r\n     (adsbygoogle = window.adsbygoogle || []).push({});\r\n<\/script><\/div>","protected":false},"excerpt":{"rendered":"<p>Gerta Gixhari dhe Rozana Radi ishin dy ish banoret m\u00eb t\u00eb komentuara brenda sht\u00ebpis\u00eb. Ato ishin rivale t\u00eb nj\u00ebra tjetr\u00ebs jo vet\u00ebm p\u00ebr loj\u00eb por edhe p\u00ebr disa hat\u00ebrmbetjet q\u00eb kishin krijuar nga situata jasht\u00eb sht\u00ebpis\u00eb. Ndon\u00ebse loja p\u00ebrfundoj si\u00e7 po shihet \u2018lufta\u2019 mes tyre ende nuk ka mbaruar, shkruan Kosovarja. Gerta ka publikuar nj\u00eb [&hellip;]<\/p>\n","protected":false},"author":1,"featured_media":20205,"comment_status":"open","ping_status":"closed","sticky":false,"template":"","format":"standard","meta":{"footnotes":""},"categories":[33],"tags":[294,92,220],"class_list":["post-20207","post","type-post","status-publish","format-standard","has-post-thumbnail","hentry","category-showbizi","tag-a","tag-bbv4","tag-gerta-gixhari"],"_links":{"self":[{"href":"https:\/\/blogseyir.com\/wp\/wp-json\/wp\/v2\/posts\/20207","targetHints":{"allow":["GET"]}}],"collection":[{"href":"https:\/\/blogseyir.com\/wp\/wp-json\/wp\/v2\/posts"}],"about":[{"href":"https:\/\/blogseyir.com\/wp\/wp-json\/wp\/v2\/types\/post"}],"author":[{"embeddable":true,"href":"https:\/\/blogseyir.com\/wp\/wp-json\/wp\/v2\/users\/1"}],"replies":[{"embeddable":true,"href":"https:\/\/blogseyir.com\/wp\/wp-json\/wp\/v2\/comments?post=20207"}],"version-history":[{"count":1,"href":"https:\/\/blogseyir.com\/wp\/wp-json\/wp\/v2\/posts\/20207\/revisions"}],"predecessor-version":[{"id":20208,"href":"https:\/\/blogseyir.com\/wp\/wp-json\/wp\/v2\/posts\/20207\/revisions\/20208"}],"wp:featuredmedia":[{"embeddable":true,"href":"https:\/\/blogseyir.com\/wp\/wp-json\/wp\/v2\/media\/20205"}],"wp:attachment":[{"href":"https:\/\/blogseyir.com\/wp\/wp-json\/wp\/v2\/media?parent=20207"}],"wp:term":[{"taxonomy":"category","embeddable":true,"href":"https:\/\/blogseyir.com\/wp\/wp-json\/wp\/v2\/categories?post=20207"},{"taxonomy":"post_tag","embeddable":true,"href":"https:\/\/blogseyir.com\/wp\/wp-json\/wp\/v2\/tags?post=20207"}],"curies":[{"name":"wp","href":"https:\/\/api.w.org\/{rel}","templated":true}]}}