{"id":20069,"date":"2025-05-01T11:29:30","date_gmt":"2025-05-01T11:29:30","guid":{"rendered":"https:\/\/blogseyir.com\/wp\/?p=20069"},"modified":"2025-05-01T11:29:31","modified_gmt":"2025-05-01T11:29:31","slug":"sa-sme-dolen-syte-vendit-danja-tregon-momentin-me-te-veshtire-ne-bbva","status":"publish","type":"post","link":"https:\/\/blogseyir.com\/wp\/sa-sme-dolen-syte-vendit-danja-tregon-momentin-me-te-veshtire-ne-bbva\/","title":{"rendered":"&#8216;Sa s&#8217;m\u00eb dolen syt\u00eb vendit&#8230;&#8217; Danja tregon momentin me te veshtire ne BBVA!"},"content":{"rendered":"<p>E ftuar k\u00ebt\u00eb m\u00ebngjes n\u00eb emisionin \u201cWake Up\u201d, ish-banorja e \u201cBig Brother VIP 4\u201d, Danja Koka, foli me sinqeritet p\u00ebr p\u00ebrvoj\u00ebn e saj brenda sht\u00ebpis\u00eb, emocionet q\u00eb ka p\u00ebrjetuar dhe planet e saj pas daljes nga spektakli.<\/p>\n<p><img loading=\"lazy\" decoding=\"async\" class=\"alignnone size-full wp-image-17963\" src=\"https:\/\/blogseyir.com\/wp\/wp-content\/uploads\/2025\/05\/image-5.jpg\" alt=\"\" width=\"697\" height=\"426\" \/><\/p>\n<p>E pyetur p\u00ebr shtys\u00ebn q\u00eb e \u00e7oi drejt pjes\u00ebmarrjes n\u00eb Big Brother, Danja tha se mb\u00ebshtetja m\u00eb e madhe i erdhi nga familjar\u00ebt, koleg\u00ebt dhe miqt\u00eb. \u201cT\u00eb gjith\u00eb ishin shum\u00eb pozitiv\u00eb\u2026 Edhe un\u00eb isha me Danj\u00ebn,\u201d u shpreh ajo me humor.<\/p>\n<p>P\u00ebr publikun, Danja \u00ebsht\u00eb p\u00ebrmendur shpesh si \u201cdielli i sht\u00ebpis\u00eb\u201d, nj\u00eb epitet q\u00eb ajo e pranon me p\u00ebrul\u00ebsi, por nuk nguron t\u00eb tregoj\u00eb se ruajtja e qet\u00ebsis\u00eb n\u00eb nj\u00eb ambient t\u00eb mbushur me tension nuk ka qen\u00eb aspak e leht\u00eb.<\/p>\n<p>\u201cN\u00eb nj\u00eb sht\u00ebpi ku ka debate dhe dinamika agresive, \u00ebsht\u00eb e v\u00ebshtir\u00eb t\u00eb ruash ekuilibrin. Un\u00eb jam pak nevrike si natyr\u00eb\u2026 kam ul\u00ebritur shum\u00eb, jam m\u00ebrzitur me marr\u00ebdh\u00ebnie q\u00eb kam menduar se i kam af\u00ebr,\u201d rr\u00ebfeu ajo.<\/p>\n<p>Nj\u00eb nga momentet m\u00eb t\u00eb v\u00ebshtira p\u00ebr Danj\u00ebn ka qen\u00eb debati me Eglin. Ajo e kujtoi si nj\u00eb p\u00ebrplasje t\u00eb fort\u00eb emocionale, ku nuk e kontrolloi dot veten: \u201cKam ul\u00ebritur sa m\u00eb dol\u00ebn syt\u00eb vendit,\u201d tha me sinqeritet.<\/p>\n<p>Megjithat\u00eb, ajo theksoi se pas daljes nga sht\u00ebpia, marr\u00ebdh\u00ebnia me Eglin ka qen\u00eb e respektueshme, madje kan\u00eb r\u00ebn\u00eb dakord t\u00eb takohen p\u00ebr nj\u00eb kafe, ndon\u00ebse takimi ende nuk ka ndodhur.<\/p>\n<p>Danja tregoi se pavar\u00ebsisht sfidave, eksperienca e Big Brother mbetet nj\u00eb periudh\u00eb e r\u00ebnd\u00ebsishme dhe formuese p\u00ebr t\u00eb.<\/p>\n<div id=\"blogs-1131830171\" class=\"blogs-after-content blogs-entity-placement\"><div id=\"div-gpt-ad-1770230601260-0\" style=\"width:300px; height:600px;\"><\/div><\/div><div id=\"blogs-1872694351\" class=\"blogs-adsense-after-kontent blogs-entity-placement\"><script async src=\"https:\/\/pagead2.googlesyndication.com\/pagead\/js\/adsbygoogle.js\"\r\n     crossorigin=\"anonymous\"><\/script>\r\n<!-- Tiranaread -->\r\n<ins class=\"adsbygoogle\"\r\n     style=\"display:inline-block;width:728px;height:90px\"\r\n     data-ad-client=\"ca-pub-2355142065052501\"\r\n\t data-page-url=\"https:\/\/blogseyir.com\"\r\n     data-ad-slot=\"7464751963\"><\/ins>\r\n<script>\r\n     (adsbygoogle = window.adsbygoogle || []).push({});\r\n<\/script><\/div>","protected":false},"excerpt":{"rendered":"<p>E ftuar k\u00ebt\u00eb m\u00ebngjes n\u00eb emisionin \u201cWake Up\u201d, ish-banorja e \u201cBig Brother VIP 4\u201d, Danja Koka, foli me sinqeritet p\u00ebr p\u00ebrvoj\u00ebn e saj brenda sht\u00ebpis\u00eb, emocionet q\u00eb ka p\u00ebrjetuar dhe planet e saj pas daljes nga spektakli. E pyetur p\u00ebr shtys\u00ebn q\u00eb e \u00e7oi drejt pjes\u00ebmarrjes n\u00eb Big Brother, Danja tha se mb\u00ebshtetja m\u00eb e [&hellip;]<\/p>\n","protected":false},"author":1,"featured_media":20068,"comment_status":"open","ping_status":"closed","sticky":false,"template":"","format":"standard","meta":{"footnotes":""},"categories":[32],"tags":[52,392],"class_list":["post-20069","post","type-post","status-publish","format-standard","has-post-thumbnail","hentry","category-te-fundit","tag-bbva","tag-danja"],"_links":{"self":[{"href":"https:\/\/blogseyir.com\/wp\/wp-json\/wp\/v2\/posts\/20069","targetHints":{"allow":["GET"]}}],"collection":[{"href":"https:\/\/blogseyir.com\/wp\/wp-json\/wp\/v2\/posts"}],"about":[{"href":"https:\/\/blogseyir.com\/wp\/wp-json\/wp\/v2\/types\/post"}],"author":[{"embeddable":true,"href":"https:\/\/blogseyir.com\/wp\/wp-json\/wp\/v2\/users\/1"}],"replies":[{"embeddable":true,"href":"https:\/\/blogseyir.com\/wp\/wp-json\/wp\/v2\/comments?post=20069"}],"version-history":[{"count":1,"href":"https:\/\/blogseyir.com\/wp\/wp-json\/wp\/v2\/posts\/20069\/revisions"}],"predecessor-version":[{"id":20070,"href":"https:\/\/blogseyir.com\/wp\/wp-json\/wp\/v2\/posts\/20069\/revisions\/20070"}],"wp:featuredmedia":[{"embeddable":true,"href":"https:\/\/blogseyir.com\/wp\/wp-json\/wp\/v2\/media\/20068"}],"wp:attachment":[{"href":"https:\/\/blogseyir.com\/wp\/wp-json\/wp\/v2\/media?parent=20069"}],"wp:term":[{"taxonomy":"category","embeddable":true,"href":"https:\/\/blogseyir.com\/wp\/wp-json\/wp\/v2\/categories?post=20069"},{"taxonomy":"post_tag","embeddable":true,"href":"https:\/\/blogseyir.com\/wp\/wp-json\/wp\/v2\/tags?post=20069"}],"curies":[{"name":"wp","href":"https:\/\/api.w.org\/{rel}","templated":true}]}}