{"id":19530,"date":"2025-04-25T11:51:35","date_gmt":"2025-04-25T11:51:35","guid":{"rendered":"https:\/\/blogseyir.com\/wp\/?p=19530"},"modified":"2025-04-25T11:51:38","modified_gmt":"2025-04-25T11:51:38","slug":"ky-eshte-partneri-i-nevina-shtylles-foto","status":"publish","type":"post","link":"https:\/\/blogseyir.com\/wp\/ky-eshte-partneri-i-nevina-shtylles-foto\/","title":{"rendered":"Ky \u00ebsht\u00eb partneri i Nevina Shtyll\u00ebs (FOTO)"},"content":{"rendered":"<p>Prezantuesja e njohur shqiptare, Nevina Shtylla, \u00ebsht\u00eb nj\u00eb nga figurat m\u00eb t\u00eb rezervuara t\u00eb ekranit kur b\u00ebhet fjal\u00eb p\u00ebr jet\u00ebn e saj private.<\/p>\n<p><img loading=\"lazy\" decoding=\"async\" class=\"alignnone size-full wp-image-17151\" src=\"https:\/\/blogseyir.com\/wp\/wp-content\/uploads\/2025\/04\/CD38E965-37D7-4C95-B364-88F9E46A6D25.jpg\" alt=\"\" width=\"750\" height=\"390\" \/><\/p>\n<p>Megjith\u00ebse \u00ebsht\u00eb shum\u00eb aktive n\u00eb rrjetet sociale, ajo rrall\u00eb ndan momente personale, ve\u00e7an\u00ebrisht kur b\u00ebhet fjal\u00eb p\u00ebr marr\u00ebdh\u00ebniet romantike.<\/p>\n<p>S\u00eb fundmi, n\u00eb rrjetet sociale kan\u00eb filluar t\u00eb qarkullojn\u00eb disa foto t\u00eb Nevina Shtyll\u00ebs e kapur dor\u00eb p\u00ebr dore me partnerin e saj.<\/p>\n<p><img loading=\"lazy\" decoding=\"async\" class=\"alignnone size-full wp-image-17152\" src=\"https:\/\/blogseyir.com\/wp\/wp-content\/uploads\/2025\/04\/2925FFB5-EED3-4873-B99B-E36F89B3C832.jpg\" alt=\"\" width=\"750\" height=\"750\" \/><\/p>\n<p>Fotot jan\u00eb realizuar gjat\u00eb nj\u00eb eventi publik n\u00eb Tiran\u00eb, ku Nevina \u00ebsht\u00eb par\u00eb n\u00eb shoq\u00ebrin\u00eb e partnerit t\u00eb saj, duke shk\u00ebmbyer buz\u00ebqeshje dhe duksh\u00ebm shum\u00eb t\u00eb af\u00ebrt me nj\u00ebri-tjetrin.<\/p>\n<p><img loading=\"lazy\" decoding=\"async\" class=\"alignnone size-full wp-image-17153\" src=\"https:\/\/blogseyir.com\/wp\/wp-content\/uploads\/2025\/04\/9396E940-1BD2-46AB-B8FE-2038721F2E32.jpg\" alt=\"\" width=\"750\" height=\"750\" \/><br \/>\nPartneri i Nevin\u00ebs nuk \u00ebsht\u00eb pjes\u00eb e bot\u00ebs s\u00eb showbizit.<\/p>\n<div id=\"blogs-1163410167\" class=\"blogs-after-content blogs-entity-placement\"><div id=\"div-gpt-ad-1770230601260-0\" style=\"width:300px; height:600px;\"><\/div><\/div><div id=\"blogs-3635817301\" class=\"blogs-adsense-after-kontent blogs-entity-placement\"><script async src=\"https:\/\/pagead2.googlesyndication.com\/pagead\/js\/adsbygoogle.js\"\r\n     crossorigin=\"anonymous\"><\/script>\r\n<!-- Tiranaread -->\r\n<ins class=\"adsbygoogle\"\r\n     style=\"display:inline-block;width:728px;height:90px\"\r\n     data-ad-client=\"ca-pub-2355142065052501\"\r\n\t data-page-url=\"https:\/\/blogseyir.com\"\r\n     data-ad-slot=\"7464751963\"><\/ins>\r\n<script>\r\n     (adsbygoogle = window.adsbygoogle || []).push({});\r\n<\/script><\/div>","protected":false},"excerpt":{"rendered":"<p>Prezantuesja e njohur shqiptare, Nevina Shtylla, \u00ebsht\u00eb nj\u00eb nga figurat m\u00eb t\u00eb rezervuara t\u00eb ekranit kur b\u00ebhet fjal\u00eb p\u00ebr jet\u00ebn e saj private. Megjith\u00ebse \u00ebsht\u00eb shum\u00eb aktive n\u00eb rrjetet sociale, ajo rrall\u00eb ndan momente personale, ve\u00e7an\u00ebrisht kur b\u00ebhet fjal\u00eb p\u00ebr marr\u00ebdh\u00ebniet romantike. S\u00eb fundmi, n\u00eb rrjetet sociale kan\u00eb filluar t\u00eb qarkullojn\u00eb disa foto t\u00eb Nevina [&hellip;]<\/p>\n","protected":false},"author":1,"featured_media":19527,"comment_status":"open","ping_status":"closed","sticky":false,"template":"","format":"standard","meta":{"footnotes":""},"categories":[33],"tags":[697],"class_list":["post-19530","post","type-post","status-publish","format-standard","has-post-thumbnail","hentry","category-showbizi","tag-nevina-shtylla"],"_links":{"self":[{"href":"https:\/\/blogseyir.com\/wp\/wp-json\/wp\/v2\/posts\/19530","targetHints":{"allow":["GET"]}}],"collection":[{"href":"https:\/\/blogseyir.com\/wp\/wp-json\/wp\/v2\/posts"}],"about":[{"href":"https:\/\/blogseyir.com\/wp\/wp-json\/wp\/v2\/types\/post"}],"author":[{"embeddable":true,"href":"https:\/\/blogseyir.com\/wp\/wp-json\/wp\/v2\/users\/1"}],"replies":[{"embeddable":true,"href":"https:\/\/blogseyir.com\/wp\/wp-json\/wp\/v2\/comments?post=19530"}],"version-history":[{"count":1,"href":"https:\/\/blogseyir.com\/wp\/wp-json\/wp\/v2\/posts\/19530\/revisions"}],"predecessor-version":[{"id":19531,"href":"https:\/\/blogseyir.com\/wp\/wp-json\/wp\/v2\/posts\/19530\/revisions\/19531"}],"wp:featuredmedia":[{"embeddable":true,"href":"https:\/\/blogseyir.com\/wp\/wp-json\/wp\/v2\/media\/19527"}],"wp:attachment":[{"href":"https:\/\/blogseyir.com\/wp\/wp-json\/wp\/v2\/media?parent=19530"}],"wp:term":[{"taxonomy":"category","embeddable":true,"href":"https:\/\/blogseyir.com\/wp\/wp-json\/wp\/v2\/categories?post=19530"},{"taxonomy":"post_tag","embeddable":true,"href":"https:\/\/blogseyir.com\/wp\/wp-json\/wp\/v2\/tags?post=19530"}],"curies":[{"name":"wp","href":"https:\/\/api.w.org\/{rel}","templated":true}]}}