{"id":18768,"date":"2025-04-19T09:01:21","date_gmt":"2025-04-19T09:01:21","guid":{"rendered":"https:\/\/blogseyir.com\/wp\/?p=18768"},"modified":"2025-04-19T09:01:26","modified_gmt":"2025-04-19T09:01:26","slug":"olsi-bylyku-festoje-ditelindjen-merr-surprizen-e-vecante-nga-partnerja-e-tij-foto","status":"publish","type":"post","link":"https:\/\/blogseyir.com\/wp\/olsi-bylyku-festoje-ditelindjen-merr-surprizen-e-vecante-nga-partnerja-e-tij-foto\/","title":{"rendered":"Olsi Bylyku festoj\u00eb dit\u00eblindjen, merr surpriz\u00ebn e vecant\u00eb nga partnerja e tij! (Foto)"},"content":{"rendered":"<p>Aktori i njohur i humorit, Olsi Bylyku, ka festuar s\u00eb fundmi dit\u00eblindjen dhe surpriz\u00ebn m\u00eb t\u00eb bukur patjet\u00ebr q\u00eb e ka marr\u00eb nga e dashura e tij, gazetarja Denada Lura.<\/p>\n<p><img loading=\"lazy\" decoding=\"async\" class=\"alignnone size-full wp-image-16037\" src=\"https:\/\/blogseyir.com\/wp\/wp-content\/uploads\/2025\/04\/image-321.jpg\" alt=\"\" width=\"675\" height=\"511\" \/><\/p>\n<p>N\u00eb mesin e shum\u00eb urimeve q\u00eb ka postuar Olsi n\u00eb Instagramin e tij p\u00ebr k\u00ebt\u00eb 27-vjetor, shihet edhe nj\u00eb story, ku Denada me tort\u00eb n\u00eb dor\u00eb p\u00ebrqafon aktorin pasi e ka surprizuar.<\/p>\n<p><img loading=\"lazy\" decoding=\"async\" class=\"wp-image-16033 alignnone size-full\" src=\"https:\/\/blogseyir.com\/wp\/wp-content\/uploads\/2025\/04\/image-25-2.jpg\" alt=\"\" width=\"416\" height=\"750\" \/><\/p>\n<p>Kaq \u00ebsht\u00eb dashur q\u00eb ndjek\u00ebsit ta admirojn\u00eb marr\u00ebdh\u00ebnien e \u00e7iftit, i cili vet\u00ebm pak koh\u00eb m\u00eb par\u00eb konfirmoi se ishin n\u00eb krah\u00ebt e nj\u00ebri-tjetrit, edhe pse thashethemet p\u00ebr nj\u00eb romanc\u00eb t\u00eb mundshme mes tyre ishin p\u00ebrhapur q\u00eb nga ndarja e aktorit nga Egli Tako.<\/p>\n<p><img loading=\"lazy\" decoding=\"async\" class=\"wp-image-16034 alignnone size-full\" src=\"https:\/\/blogseyir.com\/wp\/wp-content\/uploads\/2025\/04\/image-25-3.jpg\" alt=\"\" width=\"471\" height=\"750\" \/><\/p>\n<p>Kujtojm\u00eb q\u00eb Olsi Bylyku dhe Egli Tako kan\u00eb qen\u00eb n\u00eb v\u00ebmendje t\u00eb medias roz\u00eb s\u00eb fundmi.<\/p>\n<p>Nj\u00eb k\u00ebng\u00eb e publikuar nga aktori i njohur b\u00ebri q\u00eb rrjeti t\u00eb shp\u00ebrthej\u00eb akoma m\u00eb shume duke pretenduar se projekti \u00ebsht\u00eb nj\u00eb dedikim p\u00ebr Eglin, pasi teksti p\u00ebrshtatet me nj\u00eb periudh\u00eb dramatike q\u00eb ajo po kalon.<\/p>\n<p>Mir\u00ebpo vet\u00eb Olsi ka sqaruar nj\u00ebher\u00eb e mir\u00eb situat\u00ebn teksa ka dh\u00ebn\u00eb nj\u00eb intervist\u00eb.<\/p>\n<p>Ai \u00ebsht\u00eb shprehur se g\u00ebzon respekt p\u00ebr ish-partneren e tij, mir\u00ebpo nuk ka nguruar t\u00eb fal\u00ebnderoj\u00eb edhe partneren e tij aktuale, Denada Lura e cila po p\u00ebrballon gjith\u00eb k\u00ebt\u00eb zhurm\u00eb teksa shprehet:<\/p>\n<p>\u201cP\u00ebrtej opinion tim p\u00ebr ish-partneren time, p\u00ebrtej opinionit tim p\u00ebr situat\u00ebn, n\u00eb fakt ajo q\u00eb m\u00eb ka shqet\u00ebsuar \u00ebsht\u00eb q\u00eb nuk ka pasur nj\u00eb koment p\u00ebr nj\u00eb partnere q\u00eb un\u00eb kam n\u00eb sht\u00ebpi dhe q\u00eb i duron t\u00eb gjitha k\u00ebto gj\u00ebrat. Q\u00eb n\u00eb fakt un\u00eb tek kjo intervista gjej rastin ta falenderoj p\u00ebr her\u00eb t\u00eb par\u00eb. Se gjithmon\u00eb kemi ndaluar tek ajo historia ime q\u00eb n\u00eb fakt e kam pasur 19-vje\u00e7 dhe kam shum\u00eb respekt dhe mir\u00ebnjohje p\u00ebr at\u00eb goc\u00ebn absolute, dhe i uroj fitoren aty ku \u00ebsht\u00eb,\u201d u shpreh ai.<\/p>\n<p><img loading=\"lazy\" decoding=\"async\" class=\"wp-image-16035 alignnone size-full\" src=\"https:\/\/blogseyir.com\/wp\/wp-content\/uploads\/2025\/04\/image-25-4.jpg\" alt=\"\" width=\"555\" height=\"750\" \/><\/p>\n<p>P\u00ebrsa i p\u00ebrket Eglit, Olsi \u00ebsht\u00eb shprehur se \u00ebsht\u00eb shum\u00eb mir\u00ebnjoh\u00ebs p\u00ebr periudh\u00ebn 5-vje\u00e7are q\u00eb ata kan\u00eb kaluar s\u00eb bashku duke shtuar se e vler\u00ebson at\u00eb p\u00ebr vajz\u00ebn q\u00eb \u00ebsht\u00eb.<\/p>\n<p>\u201cUn\u00eb e vler\u00ebsoj shum\u00eb p\u00ebr gjith\u00eb fjal\u00ebt q\u00eb ka th\u00ebn\u00eb p\u00ebr mua, se sigurisht kemi pasur nj\u00eb marr\u00ebdh\u00ebnie 5-vje\u00e7are. Nj\u00eb marr\u00ebdh\u00ebnie si \u00e7do marr\u00ebdh\u00ebnie tjet\u00ebr q\u00eb ka pasur dhe respekt ka pasur debatin, ka pasur dhe k\u00ebnaq\u00ebsin\u00eb. Ka qen\u00eb periudh\u00eb shum\u00eb e bukur dhe jam shum\u00eb mir\u00ebnjoh\u00ebs, kam b\u00ebr\u00eb dhe dy projekte q\u00eb jan\u00eb shum\u00eb t\u00eb suksesshme. I uroj suksese sepse \u00ebsht\u00eb goc\u00eb me ego shum\u00eb t\u00eb madhe dhe ambicie shum\u00eb t\u00eb madhe,\u201d tha Olsi Bylyku p\u00ebr Andale.<\/p>\n<p><img loading=\"lazy\" decoding=\"async\" class=\"wp-image-16036 alignnone size-full\" src=\"https:\/\/blogseyir.com\/wp\/wp-content\/uploads\/2025\/04\/image-25-5.jpg\" alt=\"\" width=\"514\" height=\"402\" \/><\/p>\n<p>Deklarata e plot\u00eb:<\/p>\n<p>P\u00ebrtej opinion tim p\u00ebr ish-partneren time, p\u00ebrtej opinionit tim p\u00ebr situat\u00ebn, n\u00eb fakt ajo q\u00eb m\u00eb ka shqet\u00ebsuar \u00ebsht\u00eb q\u00eb nuk ka pas nj\u00eb koment p\u00ebr nj\u00eb partnere q\u00eb un\u00eb kam n\u00eb sht\u00ebpi dhe q\u00eb i duron t\u00eb gjitha k\u00ebto gj\u00ebrat. Q\u00eb n\u00eb fakt un\u00eb tek kjo intervista gjej rastin ta falenderoj p\u00ebr her\u00eb t\u00eb par\u00eb. Se gjithmon\u00eb kemi ndaluar tek ajo historia ime q\u00eb n\u00eb fakt e kam pasur 19-vje\u00e7 dhe kam shum\u00eb respekt dhe mir\u00ebnjohje p\u00ebr at\u00eb goc\u00ebn absolute, dhe i uroj fitoren aty ku \u00ebsht\u00eb.<\/p>\n<p>Kemi ndaluar shum\u00eb tek un\u00eb tek ajo, si ka ndodh situate, a s\u2019je ti faktori i ndryshimeve, debate, komente dhe kam th\u00ebn\u00eb me veten time si nuk shkruajti nj\u00ebri p\u00ebr ket\u00eb partnere q\u00eb kam n\u00eb sht\u00ebpi. Por edhe n\u00ebse nuk ma shkruan dikush, nuk ka problem se ja jap vet\u00eb gjith\u00eb at\u00eb mir\u00ebnjohjen q\u00eb kam p\u00ebr t\u00eb dhe me th\u00ebn\u00eb t\u00eb drejt\u00ebn ka qen\u00eb nj\u00eb nga gocat m\u00eb t\u00eb forta q\u00eb un\u00eb kam njohur n\u00eb jet\u00ebn time. P\u00ebr t\u00eb vetmen gj\u00eb q\u00eb jam pozitiv dhe mir\u00ebnjohjes p\u00ebr partneren q\u00eb kam n\u00eb krah momentalisht \u00ebsht\u00eb fakti i besimit q\u00eb ka tek un\u00eb dhe q\u00eb kurrsesi nuk \u00ebsht\u00eb b\u00ebr\u00eb pal\u00eb e asnj\u00eb lloj gj\u00ebje me ngjarjet q\u00eb kan\u00eb ndodhur me ish-partneren time, por ka qen\u00eb nj\u00eb besim p\u00ebr t\u00eb krijuar at\u00eb gj\u00ebn\u00eb q\u00eb ne kemi tani dhe p\u00ebr ta \u00e7uar m\u00eb tej at\u00eb.<\/p>\n<p>Un\u00eb e vler\u00ebsoj shum\u00eb p\u00ebr gjith\u00eb fjal\u00ebt q\u00eb ka th\u00ebn\u00eb p\u00ebr mua, se sigurisht kemi pasur nj\u00eb marr\u00ebdh\u00ebnie 5-vje\u00e7are. Nj\u00eb marr\u00ebdh\u00ebnie si \u00e7do marr\u00ebdh\u00ebnie tjet\u00ebr q\u00eb ka pasur dhe respekt ka pasur debatin, ka pasur dhe k\u00ebnaq\u00ebsin\u00eb. Ka qen\u00eb periudh\u00eb shum\u00eb e bukur dhe jam shum\u00eb mir\u00ebnjoh\u00ebs, kam b\u00ebr\u00eb dhe dy projekte q\u00eb jan\u00eb shum\u00eb t\u00eb suksesshme. I uroj suksese sepse \u00ebsht\u00eb goc\u00eb me ego shum\u00eb t\u00eb madhe dhe ambicie shum\u00eb t\u00eb madhe<\/p>\n<div id=\"blogs-2150747790\" class=\"blogs-after-content blogs-entity-placement\"><div id=\"div-gpt-ad-1770230601260-0\" style=\"width:300px; height:600px;\"><\/div><\/div><div id=\"blogs-2248227726\" class=\"blogs-adsense-after-kontent blogs-entity-placement\"><script async src=\"https:\/\/pagead2.googlesyndication.com\/pagead\/js\/adsbygoogle.js\"\r\n     crossorigin=\"anonymous\"><\/script>\r\n<!-- Tiranaread -->\r\n<ins class=\"adsbygoogle\"\r\n     style=\"display:inline-block;width:728px;height:90px\"\r\n     data-ad-client=\"ca-pub-2355142065052501\"\r\n\t data-page-url=\"https:\/\/blogseyir.com\"\r\n     data-ad-slot=\"7464751963\"><\/ins>\r\n<script>\r\n     (adsbygoogle = window.adsbygoogle || []).push({});\r\n<\/script><\/div>","protected":false},"excerpt":{"rendered":"<p>Aktori i njohur i humorit, Olsi Bylyku, ka festuar s\u00eb fundmi dit\u00eblindjen dhe surpriz\u00ebn m\u00eb t\u00eb bukur patjet\u00ebr q\u00eb e ka marr\u00eb nga e dashura e tij, gazetarja Denada Lura. N\u00eb mesin e shum\u00eb urimeve q\u00eb ka postuar Olsi n\u00eb Instagramin e tij p\u00ebr k\u00ebt\u00eb 27-vjetor, shihet edhe nj\u00eb story, ku Denada me tort\u00eb n\u00eb [&hellip;]<\/p>\n","protected":false},"author":1,"featured_media":18763,"comment_status":"open","ping_status":"closed","sticky":false,"template":"","format":"standard","meta":{"footnotes":""},"categories":[32],"tags":[406,216],"class_list":["post-18768","post","type-post","status-publish","format-standard","has-post-thumbnail","hentry","category-te-fundit","tag-denada","tag-olsi-bylyku"],"_links":{"self":[{"href":"https:\/\/blogseyir.com\/wp\/wp-json\/wp\/v2\/posts\/18768","targetHints":{"allow":["GET"]}}],"collection":[{"href":"https:\/\/blogseyir.com\/wp\/wp-json\/wp\/v2\/posts"}],"about":[{"href":"https:\/\/blogseyir.com\/wp\/wp-json\/wp\/v2\/types\/post"}],"author":[{"embeddable":true,"href":"https:\/\/blogseyir.com\/wp\/wp-json\/wp\/v2\/users\/1"}],"replies":[{"embeddable":true,"href":"https:\/\/blogseyir.com\/wp\/wp-json\/wp\/v2\/comments?post=18768"}],"version-history":[{"count":1,"href":"https:\/\/blogseyir.com\/wp\/wp-json\/wp\/v2\/posts\/18768\/revisions"}],"predecessor-version":[{"id":18769,"href":"https:\/\/blogseyir.com\/wp\/wp-json\/wp\/v2\/posts\/18768\/revisions\/18769"}],"wp:featuredmedia":[{"embeddable":true,"href":"https:\/\/blogseyir.com\/wp\/wp-json\/wp\/v2\/media\/18763"}],"wp:attachment":[{"href":"https:\/\/blogseyir.com\/wp\/wp-json\/wp\/v2\/media?parent=18768"}],"wp:term":[{"taxonomy":"category","embeddable":true,"href":"https:\/\/blogseyir.com\/wp\/wp-json\/wp\/v2\/categories?post=18768"},{"taxonomy":"post_tag","embeddable":true,"href":"https:\/\/blogseyir.com\/wp\/wp-json\/wp\/v2\/tags?post=18768"}],"curies":[{"name":"wp","href":"https:\/\/api.w.org\/{rel}","templated":true}]}}