{"id":18551,"date":"2025-04-17T10:37:46","date_gmt":"2025-04-17T10:37:46","guid":{"rendered":"https:\/\/blogseyir.com\/wp\/?p=18551"},"modified":"2025-04-17T10:37:48","modified_gmt":"2025-04-17T10:37:48","slug":"nje-femer-si-ti-e-bujshme-gjesti-plas-deklaraten-e-forte-ndaj-eglit","status":"publish","type":"post","link":"https:\/\/blogseyir.com\/wp\/nje-femer-si-ti-e-bujshme-gjesti-plas-deklaraten-e-forte-ndaj-eglit\/","title":{"rendered":"&#8216;Nj\u00eb fem\u00ebr si ti&#8230;&#8217; E BUJSHME! Gjesti plas deklarat\u00ebn e fort\u00eb ndaj Eglit"},"content":{"rendered":"<p>Vet\u00ebm dy dit\u00eb para finales s\u00eb madhe t\u00eb Big Brother VIP Albania, tensionet n\u00eb sht\u00ebpi jan\u00eb n\u00eb pik\u00ebn m\u00eb t\u00eb lart\u00eb.<\/p>\n<p><img loading=\"lazy\" decoding=\"async\" class=\"alignnone size-full wp-image-15668\" src=\"https:\/\/blogseyir.com\/wp\/wp-content\/uploads\/2025\/04\/image-287.jpg\" alt=\"\" width=\"750\" height=\"428\" \/><\/p>\n<p>Nj\u00eb debat i fort\u00eb ka ndodhur mes Gjestit dhe Eglit, duke thelluar edhe m\u00eb shum\u00eb p\u00ebr\u00e7arjen mes tyre.<\/p>\n<p>Gjat\u00eb nj\u00eb p\u00ebrplasjeje verbale, Gjesti u shpreh se nj\u00eb fem\u00ebr si Egli nuk do ta duronte as dy minuta jasht\u00eb sht\u00ebpis\u00eb.<\/p><div id=\"blogs-1395587824\" class=\"blogs-stick blogs-entity-placement\"><div id=\"div-gpt-ad-1770230783865-0\" style=\"min-width:300px; min-height:50px;\"><\/div><\/div>\n<p>I nervozuar, ai shtoi: \u201cJam shum\u00eb pishman q\u00eb t\u00eb kam njohur. Sapo t\u00eb dal, bllok e ke nga un\u00eb.\u201d<\/p>\n<p>Nga ana tjet\u00ebr, Egli reagoi duke e cil\u00ebsuar Gjestin si \u201cdjalin m\u00eb t\u00eb paedukat\u00eb q\u00eb kam njohur\u201d, duke e mbyllur k\u00ebshtu me tone t\u00eb ashpra p\u00ebrballjen mes tyre.<\/p>\n<div id=\"blogs-2315283309\" class=\"blogs-adsense-after-kontent blogs-entity-placement\"><script async src=\"https:\/\/pagead2.googlesyndication.com\/pagead\/js\/adsbygoogle.js\"\r\n     crossorigin=\"anonymous\"><\/script>\r\n<!-- Tiranaread -->\r\n<ins class=\"adsbygoogle\"\r\n     style=\"display:inline-block;width:728px;height:90px\"\r\n     data-ad-client=\"ca-pub-2355142065052501\"\r\n\t data-page-url=\"https:\/\/blogseyir.com\"\r\n     data-ad-slot=\"7464751963\"><\/ins>\r\n<script>\r\n     (adsbygoogle = window.adsbygoogle || []).push({});\r\n<\/script><\/div>","protected":false},"excerpt":{"rendered":"<p>Vet\u00ebm dy dit\u00eb para finales s\u00eb madhe t\u00eb Big Brother VIP Albania, tensionet n\u00eb sht\u00ebpi jan\u00eb n\u00eb pik\u00ebn m\u00eb t\u00eb lart\u00eb. Nj\u00eb debat i fort\u00eb ka ndodhur mes Gjestit dhe Eglit, duke thelluar edhe m\u00eb shum\u00eb p\u00ebr\u00e7arjen mes tyre. Gjat\u00eb nj\u00eb p\u00ebrplasjeje verbale, Gjesti u shpreh se nj\u00eb fem\u00ebr si Egli nuk do ta duronte [&hellip;]<\/p>\n","protected":false},"author":1,"featured_media":18550,"comment_status":"open","ping_status":"closed","sticky":false,"template":"","format":"standard","meta":{"footnotes":""},"categories":[32],"tags":[52,206,67],"class_list":["post-18551","post","type-post","status-publish","format-standard","has-post-thumbnail","hentry","category-te-fundit","tag-bbva","tag-egli-tako","tag-gjesti"],"_links":{"self":[{"href":"https:\/\/blogseyir.com\/wp\/wp-json\/wp\/v2\/posts\/18551","targetHints":{"allow":["GET"]}}],"collection":[{"href":"https:\/\/blogseyir.com\/wp\/wp-json\/wp\/v2\/posts"}],"about":[{"href":"https:\/\/blogseyir.com\/wp\/wp-json\/wp\/v2\/types\/post"}],"author":[{"embeddable":true,"href":"https:\/\/blogseyir.com\/wp\/wp-json\/wp\/v2\/users\/1"}],"replies":[{"embeddable":true,"href":"https:\/\/blogseyir.com\/wp\/wp-json\/wp\/v2\/comments?post=18551"}],"version-history":[{"count":1,"href":"https:\/\/blogseyir.com\/wp\/wp-json\/wp\/v2\/posts\/18551\/revisions"}],"predecessor-version":[{"id":18552,"href":"https:\/\/blogseyir.com\/wp\/wp-json\/wp\/v2\/posts\/18551\/revisions\/18552"}],"wp:featuredmedia":[{"embeddable":true,"href":"https:\/\/blogseyir.com\/wp\/wp-json\/wp\/v2\/media\/18550"}],"wp:attachment":[{"href":"https:\/\/blogseyir.com\/wp\/wp-json\/wp\/v2\/media?parent=18551"}],"wp:term":[{"taxonomy":"category","embeddable":true,"href":"https:\/\/blogseyir.com\/wp\/wp-json\/wp\/v2\/categories?post=18551"},{"taxonomy":"post_tag","embeddable":true,"href":"https:\/\/blogseyir.com\/wp\/wp-json\/wp\/v2\/tags?post=18551"}],"curies":[{"name":"wp","href":"https:\/\/api.w.org\/{rel}","templated":true}]}}