{"id":18478,"date":"2025-04-16T15:41:45","date_gmt":"2025-04-16T15:41:45","guid":{"rendered":"https:\/\/blogseyir.com\/wp\/?p=18478"},"modified":"2025-04-16T15:41:47","modified_gmt":"2025-04-16T15:41:47","slug":"skemi-pse-te-shqetesohemi-per-jozin-cfare-thote-rama-per-incidentin-ne-bbva-video","status":"publish","type":"post","link":"https:\/\/blogseyir.com\/wp\/skemi-pse-te-shqetesohemi-per-jozin-cfare-thote-rama-per-incidentin-ne-bbva-video\/","title":{"rendered":"&#8216;S&#8217;kemi pse t\u00eb shqet\u00ebsohemi p\u00ebr Jozin&#8230;&#8217; Cfar\u00eb thot\u00eb Rama p\u00ebr incidentin n\u00eb BBVA? (Video)"},"content":{"rendered":"<p>Teksa debati p\u00ebr \u201cGjesti-Jozi\u201d n\u00eb Big Brother VIP Albania vazhdon t\u00eb b\u00ebj\u00eb xhiron e rrjetit,<\/p>\n<p><img loading=\"lazy\" decoding=\"async\" class=\"alignnone size-full wp-image-15555\" src=\"https:\/\/blogseyir.com\/wp\/wp-content\/uploads\/2025\/04\/image-279.jpg\" alt=\"\" width=\"750\" height=\"416\" \/><\/p>\n<p>kryeministri Edi Rama ka zgjedhur t\u00eb mos e injoroj\u00eb zhurm\u00ebn e rrjeteve dhe ka reaguar vet\u00eb gjat\u00eb nj\u00eb video live n\u00eb Instagram.<\/p>\n<p>Gjat\u00eb transmetimit, nj\u00eb komentues i shkruan:<\/p>\n<p>\u201cS\u2019kemi pse t\u00eb shqet\u00ebsohemi p\u00ebr Gjesti-Jozi kur shikon me \u00e7far\u00eb merret i pari i vendit.\u201d<\/p>\n<p>Rama, si zakonisht pa filtra, i \u00ebsht\u00eb p\u00ebrgjigjur menj\u00ebher\u00eb:<\/p>\n<p>\u201cPo me \u00e7far\u00eb merret i pari i vendit? I pari i vendit merret me ty. \u00c7far\u00eb do k\u00ebrkoje ti nga i pari i vendit p\u00ebrve\u00e7se t\u00eb merrej me ty, t\u00eb t\u00eb respektonte, t\u00eb t\u00eb d\u00ebgjonte edhe kur ti flet mbrapsht?\u201d<\/p>\n<p>Ai shton se nuk e kupton \u00e7far\u00eb n\u00ebnkupton komentuesi me \u201cme \u00e7far\u00eb merret\u201d, por \u00ebsht\u00eb i bindur se \u00e7do gj\u00eb q\u00eb ai b\u00ebn \u00ebsht\u00eb n\u00eb p\u00ebrputhje me rolin e tij:<\/p>\n<p>\u201cNuk ma ha mendja q\u00eb un\u00eb merrem me ndonj\u00eb gj\u00eb q\u00eb nuk i takon t\u00eb merret i pari i vendit.\u201d<\/p>\n<p>&nbsp;<\/p>\n<p>https:\/\/streamable.com\/ddlem1<\/p>\n<div id=\"blogs-2915021688\" class=\"blogs-after-content blogs-entity-placement\"><div id=\"div-gpt-ad-1770230601260-0\" style=\"width:300px; height:600px;\"><\/div><\/div><div id=\"blogs-1305672913\" class=\"blogs-adsense-after-kontent blogs-entity-placement\"><script async src=\"https:\/\/pagead2.googlesyndication.com\/pagead\/js\/adsbygoogle.js\"\r\n     crossorigin=\"anonymous\"><\/script>\r\n<!-- Tiranaread -->\r\n<ins class=\"adsbygoogle\"\r\n     style=\"display:inline-block;width:728px;height:90px\"\r\n     data-ad-client=\"ca-pub-2355142065052501\"\r\n\t data-page-url=\"https:\/\/blogseyir.com\"\r\n     data-ad-slot=\"7464751963\"><\/ins>\r\n<script>\r\n     (adsbygoogle = window.adsbygoogle || []).push({});\r\n<\/script><\/div>","protected":false},"excerpt":{"rendered":"<p>Teksa debati p\u00ebr \u201cGjesti-Jozi\u201d n\u00eb Big Brother VIP Albania vazhdon t\u00eb b\u00ebj\u00eb xhiron e rrjetit, kryeministri Edi Rama ka zgjedhur t\u00eb mos e injoroj\u00eb zhurm\u00ebn e rrjeteve dhe ka reaguar vet\u00eb gjat\u00eb nj\u00eb video live n\u00eb Instagram. Gjat\u00eb transmetimit, nj\u00eb komentues i shkruan: \u201cS\u2019kemi pse t\u00eb shqet\u00ebsohemi p\u00ebr Gjesti-Jozi kur shikon me \u00e7far\u00eb merret i [&hellip;]<\/p>\n","protected":false},"author":1,"featured_media":18477,"comment_status":"open","ping_status":"closed","sticky":false,"template":"","format":"standard","meta":{"footnotes":""},"categories":[32],"tags":[52,342,853],"class_list":["post-18478","post","type-post","status-publish","format-standard","has-post-thumbnail","hentry","category-te-fundit","tag-bbva","tag-edi-rama","tag-jozi-gjesti"],"_links":{"self":[{"href":"https:\/\/blogseyir.com\/wp\/wp-json\/wp\/v2\/posts\/18478","targetHints":{"allow":["GET"]}}],"collection":[{"href":"https:\/\/blogseyir.com\/wp\/wp-json\/wp\/v2\/posts"}],"about":[{"href":"https:\/\/blogseyir.com\/wp\/wp-json\/wp\/v2\/types\/post"}],"author":[{"embeddable":true,"href":"https:\/\/blogseyir.com\/wp\/wp-json\/wp\/v2\/users\/1"}],"replies":[{"embeddable":true,"href":"https:\/\/blogseyir.com\/wp\/wp-json\/wp\/v2\/comments?post=18478"}],"version-history":[{"count":1,"href":"https:\/\/blogseyir.com\/wp\/wp-json\/wp\/v2\/posts\/18478\/revisions"}],"predecessor-version":[{"id":18479,"href":"https:\/\/blogseyir.com\/wp\/wp-json\/wp\/v2\/posts\/18478\/revisions\/18479"}],"wp:featuredmedia":[{"embeddable":true,"href":"https:\/\/blogseyir.com\/wp\/wp-json\/wp\/v2\/media\/18477"}],"wp:attachment":[{"href":"https:\/\/blogseyir.com\/wp\/wp-json\/wp\/v2\/media?parent=18478"}],"wp:term":[{"taxonomy":"category","embeddable":true,"href":"https:\/\/blogseyir.com\/wp\/wp-json\/wp\/v2\/categories?post=18478"},{"taxonomy":"post_tag","embeddable":true,"href":"https:\/\/blogseyir.com\/wp\/wp-json\/wp\/v2\/tags?post=18478"}],"curies":[{"name":"wp","href":"https:\/\/api.w.org\/{rel}","templated":true}]}}