{"id":18087,"date":"2025-04-14T07:35:41","date_gmt":"2025-04-14T07:35:41","guid":{"rendered":"https:\/\/blogseyir.com\/wp\/?p=18087"},"modified":"2025-04-14T07:35:44","modified_gmt":"2025-04-14T07:35:44","slug":"u-eliminua-ne-gjysmefinale-gerta-takohet-me-keta-ish-banore","status":"publish","type":"post","link":"https:\/\/blogseyir.com\/wp\/u-eliminua-ne-gjysmefinale-gerta-takohet-me-keta-ish-banore\/","title":{"rendered":"U eliminua n\u00eb gjysm\u00ebfinale, Gerta takohet me k\u00ebta ish-banor\u00eb"},"content":{"rendered":"<p>Pas shum\u00eb sfidave, Gerta nuk arriti t\u00eb shkonte n\u00eb finale. Ajo u eliminua mbr\u00ebm\u00eb nga reality-show \u201cBBVA\u201d.<\/p>\n<p><img loading=\"lazy\" decoding=\"async\" class=\"alignnone size-full wp-image-15077\" src=\"https:\/\/blogseyir.com\/wp\/wp-content\/uploads\/2025\/04\/21595EBE-6AF3-4E9D-A4A8-1F808214CAED.jpg\" alt=\"\" width=\"750\" height=\"441\" \/><\/p>\n<p>Duket se ka nisur t\u00eb rimarr\u00eb vet\u00ebn,<\/p>\n<p>duke takuar edhe ish-banor\u00ebt e tjer\u00eb q\u00eb ishin pjes\u00eb e k\u00ebtij formati.<\/p>\n<p>Ishte Amber ajo e cila ndau nj\u00eb fotografi n\u00eb \u201cInstastory\u201d ku shihet duke drekuar bashk\u00eb.<\/p>\n<p>Prezent\u00eb ishin edhe Aldo, Gerti dhe G-Bani, t\u00eb cil\u00ebt po kalojn\u00eb \u00e7aste t\u00eb bukura bashk\u00eb.<\/p>\n<p><img loading=\"lazy\" decoding=\"async\" class=\"alignnone size-full wp-image-15078\" src=\"https:\/\/blogseyir.com\/wp\/wp-content\/uploads\/2025\/04\/6CE6452A-0595-45C9-B54E-1A69A5B5DE6C.jpg\" alt=\"\" width=\"431\" height=\"750\" \/><\/p>\n<div id=\"blogs-710728796\" class=\"blogs-after-content blogs-entity-placement\"><div id=\"div-gpt-ad-1770230601260-0\" style=\"width:300px; height:600px;\"><\/div><\/div><div id=\"blogs-3881414124\" class=\"blogs-adsense-after-kontent blogs-entity-placement\"><script async src=\"https:\/\/pagead2.googlesyndication.com\/pagead\/js\/adsbygoogle.js\"\r\n     crossorigin=\"anonymous\"><\/script>\r\n<!-- Tiranaread -->\r\n<ins class=\"adsbygoogle\"\r\n     style=\"display:inline-block;width:728px;height:90px\"\r\n     data-ad-client=\"ca-pub-2355142065052501\"\r\n\t data-page-url=\"https:\/\/blogseyir.com\"\r\n     data-ad-slot=\"7464751963\"><\/ins>\r\n<script>\r\n     (adsbygoogle = window.adsbygoogle || []).push({});\r\n<\/script><\/div>","protected":false},"excerpt":{"rendered":"<p>Pas shum\u00eb sfidave, Gerta nuk arriti t\u00eb shkonte n\u00eb finale. Ajo u eliminua mbr\u00ebm\u00eb nga reality-show \u201cBBVA\u201d. Duket se ka nisur t\u00eb rimarr\u00eb vet\u00ebn, duke takuar edhe ish-banor\u00ebt e tjer\u00eb q\u00eb ishin pjes\u00eb e k\u00ebtij formati. Ishte Amber ajo e cila ndau nj\u00eb fotografi n\u00eb \u201cInstastory\u201d ku shihet duke drekuar bashk\u00eb. Prezent\u00eb ishin edhe Aldo, [&hellip;]<\/p>\n","protected":false},"author":1,"featured_media":18085,"comment_status":"open","ping_status":"closed","sticky":false,"template":"","format":"standard","meta":{"footnotes":""},"categories":[33],"tags":[294,92,220],"class_list":["post-18087","post","type-post","status-publish","format-standard","has-post-thumbnail","hentry","category-showbizi","tag-a","tag-bbv4","tag-gerta-gixhari"],"_links":{"self":[{"href":"https:\/\/blogseyir.com\/wp\/wp-json\/wp\/v2\/posts\/18087","targetHints":{"allow":["GET"]}}],"collection":[{"href":"https:\/\/blogseyir.com\/wp\/wp-json\/wp\/v2\/posts"}],"about":[{"href":"https:\/\/blogseyir.com\/wp\/wp-json\/wp\/v2\/types\/post"}],"author":[{"embeddable":true,"href":"https:\/\/blogseyir.com\/wp\/wp-json\/wp\/v2\/users\/1"}],"replies":[{"embeddable":true,"href":"https:\/\/blogseyir.com\/wp\/wp-json\/wp\/v2\/comments?post=18087"}],"version-history":[{"count":1,"href":"https:\/\/blogseyir.com\/wp\/wp-json\/wp\/v2\/posts\/18087\/revisions"}],"predecessor-version":[{"id":18088,"href":"https:\/\/blogseyir.com\/wp\/wp-json\/wp\/v2\/posts\/18087\/revisions\/18088"}],"wp:featuredmedia":[{"embeddable":true,"href":"https:\/\/blogseyir.com\/wp\/wp-json\/wp\/v2\/media\/18085"}],"wp:attachment":[{"href":"https:\/\/blogseyir.com\/wp\/wp-json\/wp\/v2\/media?parent=18087"}],"wp:term":[{"taxonomy":"category","embeddable":true,"href":"https:\/\/blogseyir.com\/wp\/wp-json\/wp\/v2\/categories?post=18087"},{"taxonomy":"post_tag","embeddable":true,"href":"https:\/\/blogseyir.com\/wp\/wp-json\/wp\/v2\/tags?post=18087"}],"curies":[{"name":"wp","href":"https:\/\/api.w.org\/{rel}","templated":true}]}}