{"id":17767,"date":"2025-04-11T12:19:46","date_gmt":"2025-04-11T12:19:46","guid":{"rendered":"https:\/\/blogseyir.com\/wp\/?p=17767"},"modified":"2025-04-11T12:19:47","modified_gmt":"2025-04-11T12:19:47","slug":"nga-i-ftohti-dhe-temperatura-minus-situata-meteorologjike-bene-kthesen-drastike-ja-cfare-na-pret-ne-fundjave","status":"publish","type":"post","link":"https:\/\/blogseyir.com\/wp\/nga-i-ftohti-dhe-temperatura-minus-situata-meteorologjike-bene-kthesen-drastike-ja-cfare-na-pret-ne-fundjave\/","title":{"rendered":"Nga i ftohti dhe temperatura minus, situata meteorologjike b\u00ebn\u00eb KTHESEN DRASTIKE! Ja cfar\u00eb na pret n\u00eb fundjav\u00eb"},"content":{"rendered":"<p>\u00c7menduria e nj\u00eb jave m\u00eb par\u00eb q\u00eb riktheu reshjet e bor\u00ebs dhe ulje drastike t\u00eb temperaturave, duket se ka marr\u00eb fund, duke i l\u00ebn\u00eb radh\u00ebs stin\u00ebs s\u00eb pranver\u00ebs.<\/p>\n<p>&nbsp;<\/p>\n<p><img loading=\"lazy\" decoding=\"async\" class=\"alignnone size-full wp-image-14459\" src=\"https:\/\/blogseyir.com\/wp\/wp-content\/uploads\/2025\/04\/image-199.jpg\" alt=\"\" width=\"750\" height=\"491\" \/><\/p>\n<p>Metereologia Lajda Porja nga \u201cMeteoalb\u201d n\u00eb nj\u00eb lidhje me studion e lajmeve u shpreh se kjo jav\u00eb ka qen\u00eb nj\u00eb jav\u00eb shkurti, e ftoht\u00eb, ku edhe pse jemi n\u00eb mesin e pranver\u00ebs njer\u00ebzit k\u00ebt\u00eb jav\u00eb kan\u00eb veshur xhupat.<\/p>\n<p>\u201cNdryshon gjith\u00e7ka tashm\u00eb q\u00eb nga dita e sotme, ku ka pasur rritje t\u00eb temperaturave n\u00eb m\u00ebngjes, megjithat\u00eb mbeten me 2 grad\u00eb zonat malore, dhe maksimalet 22 grad\u00eb.<\/p>\n<p>E shtuna dhe e diela do t\u00eb sjellin rritje t\u00eb temperaturave, ku m\u00ebngjeset do t\u00eb b\u00ebhen m\u00eb t\u00eb ngrohta. Duke filluar q\u00eb nga kjo fundjav\u00eb dhe jav\u00ebn tjet\u00ebr ku t\u2019i ndjejm\u00eb ato m\u00ebngjese t\u00eb fresk\u00ebta pranvere dhe jo t\u00eb ftohta si m\u00ebngjeset e dimrit.<\/p>\n<p>N\u00eb t\u00eb shtun\u00ebn dhe t\u00eb diel\u00ebn termometri do t\u00eb ngjitet me 4-5 grad\u00eb, nd\u00ebrsa presim temperatura n\u00eb 24 apo 25 grad\u00eb. Megjithat\u00eb vran\u00ebsirat do t\u00eb jen\u00eb prezente, her\u00eb pas here do t\u00eb gjenerojn\u00eb n\u00eb reshje, kryesisht n\u00eb zonat malore, por jo problematike. E diela do t\u00eb jet\u00eb e kthjell\u00ebt dhe me temperatura t\u00eb larta dhe java tjet\u00ebr do t\u00eb jet\u00eb tipike pranverore\u201d, u shpreh metereologia Lajda Porja.<\/p>\n<div id=\"blogs-1410350124\" class=\"blogs-after-content blogs-entity-placement\"><div id=\"div-gpt-ad-1770230601260-0\" style=\"width:300px; height:600px;\"><\/div><\/div><div id=\"blogs-2146129043\" class=\"blogs-adsense-after-kontent blogs-entity-placement\"><script async src=\"https:\/\/pagead2.googlesyndication.com\/pagead\/js\/adsbygoogle.js\"\r\n     crossorigin=\"anonymous\"><\/script>\r\n<!-- Tiranaread -->\r\n<ins class=\"adsbygoogle\"\r\n     style=\"display:inline-block;width:728px;height:90px\"\r\n     data-ad-client=\"ca-pub-2355142065052501\"\r\n\t data-page-url=\"https:\/\/blogseyir.com\"\r\n     data-ad-slot=\"7464751963\"><\/ins>\r\n<script>\r\n     (adsbygoogle = window.adsbygoogle || []).push({});\r\n<\/script><\/div>","protected":false},"excerpt":{"rendered":"<p>\u00c7menduria e nj\u00eb jave m\u00eb par\u00eb q\u00eb riktheu reshjet e bor\u00ebs dhe ulje drastike t\u00eb temperaturave, duket se ka marr\u00eb fund, duke i l\u00ebn\u00eb radh\u00ebs stin\u00ebs s\u00eb pranver\u00ebs. &nbsp; Metereologia Lajda Porja nga \u201cMeteoalb\u201d n\u00eb nj\u00eb lidhje me studion e lajmeve u shpreh se kjo jav\u00eb ka qen\u00eb nj\u00eb jav\u00eb shkurti, e ftoht\u00eb, ku edhe [&hellip;]<\/p>\n","protected":false},"author":1,"featured_media":17766,"comment_status":"open","ping_status":"closed","sticky":false,"template":"","format":"standard","meta":{"footnotes":""},"categories":[32],"tags":[297,146,39,147],"class_list":["post-17767","post","type-post","status-publish","format-standard","has-post-thumbnail","hentry","category-te-fundit","tag-diell","tag-lajda-porja","tag-moti","tag-shqiperi"],"_links":{"self":[{"href":"https:\/\/blogseyir.com\/wp\/wp-json\/wp\/v2\/posts\/17767","targetHints":{"allow":["GET"]}}],"collection":[{"href":"https:\/\/blogseyir.com\/wp\/wp-json\/wp\/v2\/posts"}],"about":[{"href":"https:\/\/blogseyir.com\/wp\/wp-json\/wp\/v2\/types\/post"}],"author":[{"embeddable":true,"href":"https:\/\/blogseyir.com\/wp\/wp-json\/wp\/v2\/users\/1"}],"replies":[{"embeddable":true,"href":"https:\/\/blogseyir.com\/wp\/wp-json\/wp\/v2\/comments?post=17767"}],"version-history":[{"count":1,"href":"https:\/\/blogseyir.com\/wp\/wp-json\/wp\/v2\/posts\/17767\/revisions"}],"predecessor-version":[{"id":17768,"href":"https:\/\/blogseyir.com\/wp\/wp-json\/wp\/v2\/posts\/17767\/revisions\/17768"}],"wp:featuredmedia":[{"embeddable":true,"href":"https:\/\/blogseyir.com\/wp\/wp-json\/wp\/v2\/media\/17766"}],"wp:attachment":[{"href":"https:\/\/blogseyir.com\/wp\/wp-json\/wp\/v2\/media?parent=17767"}],"wp:term":[{"taxonomy":"category","embeddable":true,"href":"https:\/\/blogseyir.com\/wp\/wp-json\/wp\/v2\/categories?post=17767"},{"taxonomy":"post_tag","embeddable":true,"href":"https:\/\/blogseyir.com\/wp\/wp-json\/wp\/v2\/tags?post=17767"}],"curies":[{"name":"wp","href":"https:\/\/api.w.org\/{rel}","templated":true}]}}