{"id":17583,"date":"2025-04-10T13:22:10","date_gmt":"2025-04-10T13:22:10","guid":{"rendered":"https:\/\/blogseyir.com\/wp\/?p=17583"},"modified":"2025-04-10T13:22:12","modified_gmt":"2025-04-10T13:22:12","slug":"u-doli-mashtrimi-sheshit-nje-nga-pengjet-e-jetes-sime-eshte-rozana-del-intervista-ku-laerti-tregon-lidhjen-e-ngushte-qe-ka-me-rozin","status":"publish","type":"post","link":"https:\/\/blogseyir.com\/wp\/u-doli-mashtrimi-sheshit-nje-nga-pengjet-e-jetes-sime-eshte-rozana-del-intervista-ku-laerti-tregon-lidhjen-e-ngushte-qe-ka-me-rozin\/","title":{"rendered":"U DOLI MASHTRIMI SHESHIT\/ &#8216;Nj\u00eb nga pengjet e jet\u00ebs sime \u00ebsht\u00eb Rozana&#8230;&#8217; Del intervista ku Laerti tregon lidhjen e ngusht\u00eb q\u00eb ka me Rozin!"},"content":{"rendered":"<p>Nj\u00eb nd\u00ebr marr\u00ebdh\u00ebnie m\u00eb t\u00eb nd\u00ebrlikuara ka qen\u00eb ajo e Rozana Radit dhe Laertit!<\/p>\n<p><img loading=\"lazy\" decoding=\"async\" class=\"alignnone size-full wp-image-14130\" src=\"https:\/\/blogseyir.com\/wp\/wp-content\/uploads\/2025\/04\/image-177.jpg\" alt=\"\" width=\"750\" height=\"442\" \/><\/p>\n<p>\u201cA kan\u00eb qen\u00eb miq para hyrjes n\u00eb sht\u00ebpin\u00eb e \u201cV\u00ebllait t\u00eb Madh?\u201d,<\/p>\n<p>kjo ka qen\u00eb dhe nj\u00eb nd\u00ebr pik\u00ebpyetjet m\u00eb t\u00eb m\u00ebdha q\u00eb ka qarkulluar sa i p\u00ebrket k\u00ebsaj marr\u00ebdh\u00ebnie,<\/p>\n<p>nd\u00ebrkoh\u00eb q\u00eb nga ana e tyre dy artist\u00ebt kan\u00eb k\u00ebmb\u00ebngulur q\u00eb ndon\u00ebse jetojn\u00eb n\u00eb t\u00eb nj\u00ebjtin pallat n\u00eb kryeqytet takimet mes tyre kan\u00eb qen\u00eb shum\u00eb,<\/p>\n<p>po shum\u00eb t\u00eb rrallta, madje kafet q\u00eb kan\u00eb pir\u00eb bashk\u00eb sipas tyre num\u00ebroheshin me gishtat e dor\u00ebs, vlen t\u00eb theksohet t\u00eb nj\u00ebr\u00ebs dor\u00eb!<\/p>\n<p>Po, nd\u00ebrkoh\u00eb q\u00eb brenda n\u00eb sht\u00ebpin\u00eb e Big Brother Vip ata thon\u00eb se nuk jan\u00eb miq dhe se p\u00ebrplasjet,<\/p>\n<p>hat\u00ebrmbetjet mes tyre n\u00eb k\u00ebt\u00eb format jan\u00eb t\u00eb v\u00ebrteta dhe jo n\u00eb \u201ckuad\u00ebr t\u00eb loj\u00ebs\u201d, disa dalje publike t\u00eb b\u00ebra m\u00eb her\u00ebt nga vet\u00eb Laerti dhe Rozana na pasqyrojn\u00eb nj\u00eb tjet\u00ebr realitet.<\/p>\n<p>N\u00eb nj\u00eb nga emisionet investigative q\u00eb Rozana ka moderuar p\u00ebrkrah Fiori Dardh\u00ebs, Laerti aso kohe ka th\u00ebn\u00eb me humor se \u201cpengu i jet\u00ebs s\u00eb tij \u00ebsht\u00eb Rozana Radi\u201d. Gjat\u00eb k\u00ebsaj interviste ata kan\u00eb treguar se jan\u00eb shum\u00eb miq.<\/p>\n<p>Laerti: Po t\u00eb them q\u00eb 5 vje\u00e7 me Rozin kemi pasur nj\u00eb marr\u00ebdh\u00ebnie q\u00eb shiheshim, t\u00ebrhiqe mos e k\u00ebput. Dhe m\u00eb n\u00eb fund pas 35 vitesh arrit\u00ebm q\u00eb \u2026\u2026<\/p>\n<p>Rozana: I thuaj q\u00eb m\u00eb ke propozuar nja dy tre her\u00eb.<\/p>\n<p>Laerti: I kam propozuar\u2026. N\u00eb Tiran\u00eb t\u00eb Re te D\u00ebshmor\u00ebt e Liris\u00eb q\u00eb kishim sht\u00ebpin\u00eb un\u00eb prisja Rozin q\u00eb t\u00eb dilte, ne sigurisht para pallatit luanim futboll. Un\u00eb b\u00ebja sikur pengohesha dhe b\u00ebja sikur m\u00eb dilte gjak dhe Rozit ti vinte keq p\u00ebr mua dhe t\u00eb afrohej.<\/p>\n<p>Laerti: Nj\u00eb nga pengjet e jet\u00ebs time \u00ebsht\u00eb Rozi.<\/p>\n<p>https:\/\/streamable.com\/46h4nw<\/p>\n<p>&nbsp;<\/p>\n<div id=\"blogs-148724610\" class=\"blogs-after-content blogs-entity-placement\"><div id=\"div-gpt-ad-1770230601260-0\" style=\"width:300px; height:600px;\"><\/div><\/div><div id=\"blogs-2820587316\" class=\"blogs-adsense-after-kontent blogs-entity-placement\"><script async src=\"https:\/\/pagead2.googlesyndication.com\/pagead\/js\/adsbygoogle.js\"\r\n     crossorigin=\"anonymous\"><\/script>\r\n<!-- Tiranaread -->\r\n<ins class=\"adsbygoogle\"\r\n     style=\"display:inline-block;width:728px;height:90px\"\r\n     data-ad-client=\"ca-pub-2355142065052501\"\r\n\t data-page-url=\"https:\/\/blogseyir.com\"\r\n     data-ad-slot=\"7464751963\"><\/ins>\r\n<script>\r\n     (adsbygoogle = window.adsbygoogle || []).push({});\r\n<\/script><\/div>","protected":false},"excerpt":{"rendered":"<p>Nj\u00eb nd\u00ebr marr\u00ebdh\u00ebnie m\u00eb t\u00eb nd\u00ebrlikuara ka qen\u00eb ajo e Rozana Radit dhe Laertit! \u201cA kan\u00eb qen\u00eb miq para hyrjes n\u00eb sht\u00ebpin\u00eb e \u201cV\u00ebllait t\u00eb Madh?\u201d, kjo ka qen\u00eb dhe nj\u00eb nd\u00ebr pik\u00ebpyetjet m\u00eb t\u00eb m\u00ebdha q\u00eb ka qarkulluar sa i p\u00ebrket k\u00ebsaj marr\u00ebdh\u00ebnie, nd\u00ebrkoh\u00eb q\u00eb nga ana e tyre dy artist\u00ebt kan\u00eb k\u00ebmb\u00ebngulur q\u00eb [&hellip;]<\/p>\n","protected":false},"author":1,"featured_media":17582,"comment_status":"open","ping_status":"closed","sticky":false,"template":"","format":"standard","meta":{"footnotes":""},"categories":[32],"tags":[52,203,202],"class_list":["post-17583","post","type-post","status-publish","format-standard","has-post-thumbnail","hentry","category-te-fundit","tag-bbva","tag-laert-vasili","tag-rozana-radi"],"_links":{"self":[{"href":"https:\/\/blogseyir.com\/wp\/wp-json\/wp\/v2\/posts\/17583","targetHints":{"allow":["GET"]}}],"collection":[{"href":"https:\/\/blogseyir.com\/wp\/wp-json\/wp\/v2\/posts"}],"about":[{"href":"https:\/\/blogseyir.com\/wp\/wp-json\/wp\/v2\/types\/post"}],"author":[{"embeddable":true,"href":"https:\/\/blogseyir.com\/wp\/wp-json\/wp\/v2\/users\/1"}],"replies":[{"embeddable":true,"href":"https:\/\/blogseyir.com\/wp\/wp-json\/wp\/v2\/comments?post=17583"}],"version-history":[{"count":1,"href":"https:\/\/blogseyir.com\/wp\/wp-json\/wp\/v2\/posts\/17583\/revisions"}],"predecessor-version":[{"id":17584,"href":"https:\/\/blogseyir.com\/wp\/wp-json\/wp\/v2\/posts\/17583\/revisions\/17584"}],"wp:featuredmedia":[{"embeddable":true,"href":"https:\/\/blogseyir.com\/wp\/wp-json\/wp\/v2\/media\/17582"}],"wp:attachment":[{"href":"https:\/\/blogseyir.com\/wp\/wp-json\/wp\/v2\/media?parent=17583"}],"wp:term":[{"taxonomy":"category","embeddable":true,"href":"https:\/\/blogseyir.com\/wp\/wp-json\/wp\/v2\/categories?post=17583"},{"taxonomy":"post_tag","embeddable":true,"href":"https:\/\/blogseyir.com\/wp\/wp-json\/wp\/v2\/tags?post=17583"}],"curies":[{"name":"wp","href":"https:\/\/api.w.org\/{rel}","templated":true}]}}