{"id":17522,"date":"2025-04-09T15:34:47","date_gmt":"2025-04-09T15:34:47","guid":{"rendered":"https:\/\/blogseyir.com\/wp\/?p=17522"},"modified":"2025-04-09T15:34:49","modified_gmt":"2025-04-09T15:34:49","slug":"aldo-befason-ja-cila-paska-qene-arsyeja-e-ndarjes-se-tij-nga-bashkeshortja-akira-akoma-nuk-e-di","status":"publish","type":"post","link":"https:\/\/blogseyir.com\/wp\/aldo-befason-ja-cila-paska-qene-arsyeja-e-ndarjes-se-tij-nga-bashkeshortja-akira-akoma-nuk-e-di\/","title":{"rendered":"Aldo BEFASON! Ja cila paska qen\u00eb arsyeja e ndarjes s\u00eb tij nga bashk\u00ebshortja \u2018Akira akoma nuk e di\u2026\u2019"},"content":{"rendered":"<p>I ftuar n\u00eb emisionin \u201cBig Brother Radio\u201d me Elona Duron ka qen\u00eb Aldo Marku.<\/p>\n<p><img loading=\"lazy\" decoding=\"async\" class=\"alignnone size-full wp-image-14019\" src=\"https:\/\/blogseyir.com\/wp\/wp-content\/uploads\/2025\/04\/image-9-2.jpg\" alt=\"\" width=\"750\" height=\"453\" \/><\/p>\n<p>Ish-banori i cili p\u00ebrfundoi rrug\u00ebtimin e tij n\u00eb Big Brother VIP t\u00eb shtun\u00ebn pas m\u00eb shum\u00eb se 100 dit\u00ebsh q\u00ebndrimi. Regjisori ka rr\u00ebfyer m\u00eb shum\u00eb rreth eksperienc\u00ebs s\u00eb tij gjat\u00eb k\u00ebtij rrug\u00ebtimi dhe jo vet\u00ebm\u2026<\/p>\n<p>Aldo ka treguar n\u00eb Top Albania Radio arysen se pse \u00ebsht\u00eb ndar\u00eb nga ish-bashk\u00ebshortja e tij, e cila edhe gjat\u00eb q\u00ebndrimit t\u00eb tij e ka mb\u00ebshtetur n\u00eb \u00e7do dalje televizive dhe n\u00eb \u00e7do intervist\u00eb.<\/p>\n<p>E falenderoj shum\u00eb e kam par\u00eb edhe un\u00eb kur kam dal\u00eb, m\u00eb b\u00ebhet shum\u00eb qejfi q\u00eb ka folur me superlativa, t\u00eb nj\u00ebjt\u00ebn gj\u00eb do t\u00eb b\u00ebja dhe un\u00eb sepse k\u00ebshtu mendojm\u00eb p\u00ebr nj\u00ebri-tjetrin, jemi suportues ndaj nj\u00ebri-tjetrit, funksionojm\u00eb shum\u00eb mir\u00eb k\u00ebshtu. Kur ishim bashk\u00eb si \u00e7do \u00e7ift q\u00eb kur vjen nj\u00eb moment q\u00eb ti nuk gjen at\u00eb gjuh\u00ebn e p\u00ebrbashk\u00ebt dhe fillon b\u00ebhet si lajtmotiv. Filluam t\u00eb kuptonim q\u00eb mbase \u00ebsht\u00eb m\u00eb mir\u00eb q\u00eb as t\u00eb mos shkojm\u00eb n\u00eb nj\u00eb pik\u00eb ku t\u00eb b\u00ebhemi imazhi i keq p\u00ebr vajz\u00ebn ton\u00eb as d\u00ebm p\u00ebr nj\u00ebri-tjetrin. Mor\u00ebm nj\u00eb vendim dhe jemi k\u00ebtu ku jemi.<\/p>\n<p>Elona e pyeti n\u00ebse ky \u00ebsht\u00eb nj\u00eb vendim i pakthyesh\u00ebm?<\/p>\n<p>Po deri tani \u00ebsht\u00eb nj\u00eb vendim i pakthyesh\u00ebm. Shkojm\u00eb shum\u00eb mir\u00eb dhe prandaj duket k\u00ebshtu sikur \u00e7far\u00eb po ndodh ose q\u00eb \u00ebsht\u00eb loj\u00eb. Kam p\u00ebrshtypjen q\u00eb njeriu ka dy zgjidhje kur ndahet ose t\u00eb filloj\u00eb t\u00eb mbaj\u00eb inat p\u00ebr t\u00eb \u00e7liruar t\u00eb gjith\u00eb ndjenjat e tjera dhe p\u00ebr t\u00eb ndihmuar veten por kur t\u00eb lidh nj\u00eb f\u00ebmij\u00eb bashk\u00eb t\u00eb mbash inat t\u00eb gjith\u00eb raportin e \u00e7on n\u00eb nj\u00eb pik\u00eb jokomforte. Nd\u00ebrkoh\u00eb q\u00eb zgjidhja tjet\u00ebr \u00ebsht\u00eb t\u00eb vazhdosh t\u00eb shoh\u00ebsh t\u00eb mirat dhe t\u00eb suportosh nj\u00ebri-tjetrin. Edhe vajza n\u00eb k\u00ebt\u00eb rast nuk ndjen asnj\u00eb lloj toksiciteti apo pak\u00ebnaq\u00ebsie.<\/p>\n<p>Nuk duket m\u00eb shum\u00eb ndarje se sa thjesht si transferim i marr\u00ebdh\u00ebnies n\u00eb di\u00e7ka tjet\u00ebr.<\/p>\n<p>A di gj\u00eb Akira p\u00ebr ndarjen e prind\u00ebrve?<\/p>\n<p>Jo, \u00ebsht\u00eb e vog\u00ebl. Ne rrim\u00eb bashk\u00eb mjaftuesh\u00ebm q\u00eb ta ndjej\u00eb prezenc\u00ebn e t\u00eb dyve.\/ TAR<\/p>\n<div id=\"blogs-2512560088\" class=\"blogs-after-content blogs-entity-placement\"><div id=\"div-gpt-ad-1770230601260-0\" style=\"width:300px; height:600px;\"><\/div><\/div><div id=\"blogs-994561045\" class=\"blogs-adsense-after-kontent blogs-entity-placement\"><script async src=\"https:\/\/pagead2.googlesyndication.com\/pagead\/js\/adsbygoogle.js\"\r\n     crossorigin=\"anonymous\"><\/script>\r\n<!-- Tiranaread -->\r\n<ins class=\"adsbygoogle\"\r\n     style=\"display:inline-block;width:728px;height:90px\"\r\n     data-ad-client=\"ca-pub-2355142065052501\"\r\n\t data-page-url=\"https:\/\/blogseyir.com\"\r\n     data-ad-slot=\"7464751963\"><\/ins>\r\n<script>\r\n     (adsbygoogle = window.adsbygoogle || []).push({});\r\n<\/script><\/div>","protected":false},"excerpt":{"rendered":"<p>I ftuar n\u00eb emisionin \u201cBig Brother Radio\u201d me Elona Duron ka qen\u00eb Aldo Marku. Ish-banori i cili p\u00ebrfundoi rrug\u00ebtimin e tij n\u00eb Big Brother VIP t\u00eb shtun\u00ebn pas m\u00eb shum\u00eb se 100 dit\u00ebsh q\u00ebndrimi. Regjisori ka rr\u00ebfyer m\u00eb shum\u00eb rreth eksperienc\u00ebs s\u00eb tij gjat\u00eb k\u00ebtij rrug\u00ebtimi dhe jo vet\u00ebm\u2026 Aldo ka treguar n\u00eb Top Albania [&hellip;]<\/p>\n","protected":false},"author":1,"featured_media":17521,"comment_status":"open","ping_status":"closed","sticky":false,"template":"","format":"standard","meta":{"footnotes":""},"categories":[32],"tags":[527,528,52],"class_list":["post-17522","post","type-post","status-publish","format-standard","has-post-thumbnail","hentry","category-te-fundit","tag-aldo-marku","tag-ana-veseli","tag-bbva"],"_links":{"self":[{"href":"https:\/\/blogseyir.com\/wp\/wp-json\/wp\/v2\/posts\/17522","targetHints":{"allow":["GET"]}}],"collection":[{"href":"https:\/\/blogseyir.com\/wp\/wp-json\/wp\/v2\/posts"}],"about":[{"href":"https:\/\/blogseyir.com\/wp\/wp-json\/wp\/v2\/types\/post"}],"author":[{"embeddable":true,"href":"https:\/\/blogseyir.com\/wp\/wp-json\/wp\/v2\/users\/1"}],"replies":[{"embeddable":true,"href":"https:\/\/blogseyir.com\/wp\/wp-json\/wp\/v2\/comments?post=17522"}],"version-history":[{"count":1,"href":"https:\/\/blogseyir.com\/wp\/wp-json\/wp\/v2\/posts\/17522\/revisions"}],"predecessor-version":[{"id":17523,"href":"https:\/\/blogseyir.com\/wp\/wp-json\/wp\/v2\/posts\/17522\/revisions\/17523"}],"wp:featuredmedia":[{"embeddable":true,"href":"https:\/\/blogseyir.com\/wp\/wp-json\/wp\/v2\/media\/17521"}],"wp:attachment":[{"href":"https:\/\/blogseyir.com\/wp\/wp-json\/wp\/v2\/media?parent=17522"}],"wp:term":[{"taxonomy":"category","embeddable":true,"href":"https:\/\/blogseyir.com\/wp\/wp-json\/wp\/v2\/categories?post=17522"},{"taxonomy":"post_tag","embeddable":true,"href":"https:\/\/blogseyir.com\/wp\/wp-json\/wp\/v2\/tags?post=17522"}],"curies":[{"name":"wp","href":"https:\/\/api.w.org\/{rel}","templated":true}]}}