{"id":17276,"date":"2025-04-07T13:04:53","date_gmt":"2025-04-07T13:04:53","guid":{"rendered":"https:\/\/blogseyir.com\/wp\/?p=17276"},"modified":"2025-04-07T13:04:54","modified_gmt":"2025-04-07T13:04:54","slug":"dalina-buzi-shperthen-ndaj-arbana-osmanit-boll-me-ka-3-vite-qe-doli-tani-beri-dhe-monolog","status":"publish","type":"post","link":"https:\/\/blogseyir.com\/wp\/dalina-buzi-shperthen-ndaj-arbana-osmanit-boll-me-ka-3-vite-qe-doli-tani-beri-dhe-monolog\/","title":{"rendered":"Dalina Buzi &#8216;SHPERTHEN&#8217; ndaj Arbana Osmanit &#8216;Boll m\u00eb, ka 3 vite q\u00eb&#8230;doli tani b\u00ebri dhe monolog&#8230;&#8217;"},"content":{"rendered":"<p>Pasi Arbana Osmani shpalli p\u00ebrmes nj\u00eb monologu n\u00eb Tv Klan se ishte \u201clodhja\u201d ajo q\u00eb e largoi nga drejtimi i Big Brother VIP, rrjeti u ndez \u2013 dhe jo vet\u00ebm.<\/p>\n<p><img loading=\"lazy\" decoding=\"async\" class=\"wp-image-13606 alignnone size-full\" src=\"https:\/\/blogseyir.com\/wp\/wp-content\/uploads\/2025\/04\/image-4-37.jpg\" alt=\"\" width=\"750\" height=\"414\" \/><\/p>\n<p>Ledion Li\u00e7o ishte nd\u00ebr t\u00eb par\u00ebt q\u00eb reagoi me nj\u00eb thumb t\u00eb qart\u00eb: \u201cG\u00ebnjen veten\u201d. Por nuk mbaroi me kaq.<\/p>\n<p>Nga makina e saj, n\u00eb nj\u00eb garazh, Dalina Buzi hodhi nj\u00eb tjet\u00ebr gur n\u00eb lum\u00eb. Me tone ironike dhe shum\u00eb t\u00eb drejtp\u00ebrdrejta, ajo komentoi:<\/p>\n<p>\u201cKjo goca ka tre vjet q\u00eb bashk\u00eb me Ledionin, flet p\u00ebr Big Brother-in dhe ikjen e saj. E tha te Mira, tani monolog. Nd\u00ebrkoh\u00eb ka nj\u00eb brand t\u00eb nd\u00ebrtuar, lokali plot. Lokali ngjitur bosh, i saj plot. Pse merret ende me Big Brother-in?!\u201d<\/p>\n<p>Sipas Dalin\u00ebs, Arbana duhet t\u00eb jet\u00eb krenare p\u00ebr suksesin e saj n\u00eb biznes, jo t\u00eb kthehet pas p\u00ebr t\u2019u justifikuar p\u00ebr nj\u00eb vendim t\u00eb b\u00ebr\u00eb prej koh\u00ebsh.<\/p>\n<p>\u201cS\u2019\u00ebsht\u00eb normale. Rri, krenohu me biznesin. Ke nj\u00eb brand q\u00eb nes\u00ebr mund ta shes\u00ebsh. Vazhdon filmi sikur \u00ebsht\u00eb Vatikani.\u201d<\/p>\n<p>&nbsp;<\/p>\n<p>https:\/\/streamable.com\/v31sui<\/p>\n<div id=\"blogs-948773318\" class=\"blogs-after-content blogs-entity-placement\"><div id=\"div-gpt-ad-1770230601260-0\" style=\"width:300px; height:600px;\"><\/div><\/div><div id=\"blogs-2374489944\" class=\"blogs-adsense-after-kontent blogs-entity-placement\"><script async src=\"https:\/\/pagead2.googlesyndication.com\/pagead\/js\/adsbygoogle.js\"\r\n     crossorigin=\"anonymous\"><\/script>\r\n<!-- Tiranaread -->\r\n<ins class=\"adsbygoogle\"\r\n     style=\"display:inline-block;width:728px;height:90px\"\r\n     data-ad-client=\"ca-pub-2355142065052501\"\r\n\t data-page-url=\"https:\/\/blogseyir.com\"\r\n     data-ad-slot=\"7464751963\"><\/ins>\r\n<script>\r\n     (adsbygoogle = window.adsbygoogle || []).push({});\r\n<\/script><\/div>","protected":false},"excerpt":{"rendered":"<p>Pasi Arbana Osmani shpalli p\u00ebrmes nj\u00eb monologu n\u00eb Tv Klan se ishte \u201clodhja\u201d ajo q\u00eb e largoi nga drejtimi i Big Brother VIP, rrjeti u ndez \u2013 dhe jo vet\u00ebm. Ledion Li\u00e7o ishte nd\u00ebr t\u00eb par\u00ebt q\u00eb reagoi me nj\u00eb thumb t\u00eb qart\u00eb: \u201cG\u00ebnjen veten\u201d. Por nuk mbaroi me kaq. Nga makina e saj, n\u00eb [&hellip;]<\/p>\n","protected":false},"author":1,"featured_media":17275,"comment_status":"open","ping_status":"closed","sticky":false,"template":"","format":"standard","meta":{"footnotes":""},"categories":[32],"tags":[215,113],"class_list":["post-17276","post","type-post","status-publish","format-standard","has-post-thumbnail","hentry","category-te-fundit","tag-arbana-osmani","tag-dalina-buzi"],"_links":{"self":[{"href":"https:\/\/blogseyir.com\/wp\/wp-json\/wp\/v2\/posts\/17276","targetHints":{"allow":["GET"]}}],"collection":[{"href":"https:\/\/blogseyir.com\/wp\/wp-json\/wp\/v2\/posts"}],"about":[{"href":"https:\/\/blogseyir.com\/wp\/wp-json\/wp\/v2\/types\/post"}],"author":[{"embeddable":true,"href":"https:\/\/blogseyir.com\/wp\/wp-json\/wp\/v2\/users\/1"}],"replies":[{"embeddable":true,"href":"https:\/\/blogseyir.com\/wp\/wp-json\/wp\/v2\/comments?post=17276"}],"version-history":[{"count":1,"href":"https:\/\/blogseyir.com\/wp\/wp-json\/wp\/v2\/posts\/17276\/revisions"}],"predecessor-version":[{"id":17277,"href":"https:\/\/blogseyir.com\/wp\/wp-json\/wp\/v2\/posts\/17276\/revisions\/17277"}],"wp:featuredmedia":[{"embeddable":true,"href":"https:\/\/blogseyir.com\/wp\/wp-json\/wp\/v2\/media\/17275"}],"wp:attachment":[{"href":"https:\/\/blogseyir.com\/wp\/wp-json\/wp\/v2\/media?parent=17276"}],"wp:term":[{"taxonomy":"category","embeddable":true,"href":"https:\/\/blogseyir.com\/wp\/wp-json\/wp\/v2\/categories?post=17276"},{"taxonomy":"post_tag","embeddable":true,"href":"https:\/\/blogseyir.com\/wp\/wp-json\/wp\/v2\/tags?post=17276"}],"curies":[{"name":"wp","href":"https:\/\/api.w.org\/{rel}","templated":true}]}}