{"id":17043,"date":"2025-04-05T15:58:21","date_gmt":"2025-04-05T15:58:21","guid":{"rendered":"https:\/\/blogseyir.com\/wp\/?p=17043"},"modified":"2025-04-05T15:58:23","modified_gmt":"2025-04-05T15:58:23","slug":"arbana-me-deklarata-te-forta-ne-tv-klan-behet-viral-papritur-reagimi-i-ledion-licos","status":"publish","type":"post","link":"https:\/\/blogseyir.com\/wp\/arbana-me-deklarata-te-forta-ne-tv-klan-behet-viral-papritur-reagimi-i-ledion-licos\/","title":{"rendered":"Arbana me deklarata t\u00eb forta n\u00eb TV Klan, b\u00ebhet VIRAL papritur reagimi i Ledion Licos!"},"content":{"rendered":"<p>Pas rikthimit t\u00eb saj emocionues n\u00eb ekran, k\u00ebt\u00eb her\u00eb n\u00eb \u201cX Factor\u201d n\u00eb Tv Klan, Arbana Osmani \u00ebsht\u00eb s\u00ebrish n\u00eb qend\u00ebr t\u00eb v\u00ebmendjes.<\/p>\n<p><img loading=\"lazy\" decoding=\"async\" class=\"alignnone size-full wp-image-13276\" src=\"https:\/\/blogseyir.com\/wp\/wp-content\/uploads\/2025\/04\/image-103.jpg\" alt=\"\" width=\"750\" height=\"547\" \/><\/p>\n<p>Nd\u00ebrsa publiku vler\u00ebsonte rr\u00ebfimin e saj t\u00eb sinqert\u00eb dhe prezenc\u00ebn dinjitoze, nj\u00eb video e vjet\u00ebr e Ledion Li\u00e7os po b\u00ebn xhiron e rrjeteve sociale, duke u p\u00ebrjetuar si nj\u00eb ironi e fort\u00eb e fatit.<\/p>\n<p>N\u00eb nj\u00eb intervist\u00eb t\u00eb disa viteve m\u00eb par\u00eb n\u00eb emisionin \u201cGoca dhe Gra\u201d, Ledioni shprehej:<br \/>\n\u201cAi Big Brother-i q\u00eb b\u00ebja un\u00eb nuk \u00ebsht\u00eb Big Brother-i q\u00eb ka b\u00ebr\u00eb Arbana, dhe nuk ka si t\u00eb jet\u00eb, se jemi dy stile t\u00eb ndryshme. Personalisht preferoj t\u00eb ndjek Big Brother-in e Arban\u00ebs.\u201d<\/p>\n<p>https:\/\/streamable.com\/k62npu<\/p>\n<p>&nbsp;<\/p>\n<div id=\"blogs-3567168424\" class=\"blogs-after-content blogs-entity-placement\"><div id=\"div-gpt-ad-1770230601260-0\" style=\"width:300px; height:600px;\"><\/div><\/div><div id=\"blogs-2274572135\" class=\"blogs-adsense-after-kontent blogs-entity-placement\"><script async src=\"https:\/\/pagead2.googlesyndication.com\/pagead\/js\/adsbygoogle.js\"\r\n     crossorigin=\"anonymous\"><\/script>\r\n<!-- Tiranaread -->\r\n<ins class=\"adsbygoogle\"\r\n     style=\"display:inline-block;width:728px;height:90px\"\r\n     data-ad-client=\"ca-pub-2355142065052501\"\r\n\t data-page-url=\"https:\/\/blogseyir.com\"\r\n     data-ad-slot=\"7464751963\"><\/ins>\r\n<script>\r\n     (adsbygoogle = window.adsbygoogle || []).push({});\r\n<\/script><\/div>","protected":false},"excerpt":{"rendered":"<p>Pas rikthimit t\u00eb saj emocionues n\u00eb ekran, k\u00ebt\u00eb her\u00eb n\u00eb \u201cX Factor\u201d n\u00eb Tv Klan, Arbana Osmani \u00ebsht\u00eb s\u00ebrish n\u00eb qend\u00ebr t\u00eb v\u00ebmendjes. Nd\u00ebrsa publiku vler\u00ebsonte rr\u00ebfimin e saj t\u00eb sinqert\u00eb dhe prezenc\u00ebn dinjitoze, nj\u00eb video e vjet\u00ebr e Ledion Li\u00e7os po b\u00ebn xhiron e rrjeteve sociale, duke u p\u00ebrjetuar si nj\u00eb ironi e fort\u00eb [&hellip;]<\/p>\n","protected":false},"author":1,"featured_media":17042,"comment_status":"open","ping_status":"closed","sticky":false,"template":"","format":"standard","meta":{"footnotes":""},"categories":[32],"tags":[215,160],"class_list":["post-17043","post","type-post","status-publish","format-standard","has-post-thumbnail","hentry","category-te-fundit","tag-arbana-osmani","tag-ledion-lico"],"_links":{"self":[{"href":"https:\/\/blogseyir.com\/wp\/wp-json\/wp\/v2\/posts\/17043","targetHints":{"allow":["GET"]}}],"collection":[{"href":"https:\/\/blogseyir.com\/wp\/wp-json\/wp\/v2\/posts"}],"about":[{"href":"https:\/\/blogseyir.com\/wp\/wp-json\/wp\/v2\/types\/post"}],"author":[{"embeddable":true,"href":"https:\/\/blogseyir.com\/wp\/wp-json\/wp\/v2\/users\/1"}],"replies":[{"embeddable":true,"href":"https:\/\/blogseyir.com\/wp\/wp-json\/wp\/v2\/comments?post=17043"}],"version-history":[{"count":1,"href":"https:\/\/blogseyir.com\/wp\/wp-json\/wp\/v2\/posts\/17043\/revisions"}],"predecessor-version":[{"id":17044,"href":"https:\/\/blogseyir.com\/wp\/wp-json\/wp\/v2\/posts\/17043\/revisions\/17044"}],"wp:featuredmedia":[{"embeddable":true,"href":"https:\/\/blogseyir.com\/wp\/wp-json\/wp\/v2\/media\/17042"}],"wp:attachment":[{"href":"https:\/\/blogseyir.com\/wp\/wp-json\/wp\/v2\/media?parent=17043"}],"wp:term":[{"taxonomy":"category","embeddable":true,"href":"https:\/\/blogseyir.com\/wp\/wp-json\/wp\/v2\/categories?post=17043"},{"taxonomy":"post_tag","embeddable":true,"href":"https:\/\/blogseyir.com\/wp\/wp-json\/wp\/v2\/tags?post=17043"}],"curies":[{"name":"wp","href":"https:\/\/api.w.org\/{rel}","templated":true}]}}