{"id":16986,"date":"2025-04-05T07:58:05","date_gmt":"2025-04-05T07:58:05","guid":{"rendered":"https:\/\/blogseyir.com\/wp\/?p=16986"},"modified":"2025-04-05T07:58:07","modified_gmt":"2025-04-05T07:58:07","slug":"rrefimi-i-guximshem-i-arbana-osmanit-pas-big-brother-top-i-me-mbylli-deren-humba-veten-time-u","status":"publish","type":"post","link":"https:\/\/blogseyir.com\/wp\/rrefimi-i-guximshem-i-arbana-osmanit-pas-big-brother-top-i-me-mbylli-deren-humba-veten-time-u\/","title":{"rendered":"Rr\u00ebfimi i guximsh\u00ebm i Arbana Osmanit: \u201cPas Big Brother, \u2018Top-i\u2019 m\u00eb mbylli der\u00ebn. Humba veten time, u&#8230;"},"content":{"rendered":"<p>Moderatorja e njohur dhe e dashur p\u00ebr publikun Arbana Osmani mbr\u00ebmjen e djeshme b\u00ebri nj\u00eb rr\u00ebfim frym\u00ebzues e t\u00eb guximsh\u00ebm.<\/p>\n<p><img loading=\"lazy\" decoding=\"async\" class=\"alignnone size-full wp-image-13166\" src=\"https:\/\/blogseyir.com\/wp\/wp-content\/uploads\/2025\/04\/F713650A-023A-46DC-B7EE-B3C71A7F035A.jpg\" alt=\"\" width=\"750\" height=\"381\" \/><\/p>\n<p>Teksa shum\u00eb \u00ebsht\u00eb aluduar p\u00ebr largimin e saj nga Top Channel. ku punoi p\u00ebr vite me radh\u00eb n\u00eb programe t\u00eb ndryshme, ajo i dha t\u00eb gjitha p\u00ebrgjigjet.<\/p>\n<p>K\u00ebto t\u00eb fundit, nuk i p\u00ebrngjasojn\u00eb atyre q\u00eb shpesh jemi m\u00ebsuar t\u00eb d\u00ebgjojm\u00eb.<\/p>\n<p>N\u00eb sken\u00ebn \u201cX Factor Albania\u201d n\u00eb Tv Klan, pa pik\u00eb filtri dhe me nj\u00eb kurajo t\u00eb madhe, Arbana e b\u00ebri k\u00ebt\u00eb rr\u00ebfim<\/p>\n<p>\u201c2 vite m\u00eb par\u00eb, ndoshta n\u00eb k\u00ebt\u00eb or\u00eb, n\u00eb nj\u00eb studio t\u00eb madhe me shum\u00eb drita, n\u00eb programin q\u00eb kishte mb\u00ebrthyer shqiptar\u00ebt brenda dhe jasht\u00eb kufijve, e vetmja gj\u00eb q\u00eb mezi po prisja t\u00eb ndodhte ishte q\u00eb ai program t\u00eb mbaronte!<\/p>\n<p>Isha n\u00eb pozicionin m\u00eb t\u00eb lakmuar q\u00eb nj\u00eb prezantues televiziv mund t\u00eb ket\u00eb, audienc\u00eb maksimale, sukses i jasht\u00ebzakonsh\u00ebm, rroga me shum\u00eb zero, kontrata marketingu, tituj n\u00eb portale. Af\u00ebrmendsh, kushdo q\u00eb ishte af\u00ebr meje asokohe dhe d\u00ebgjonte q\u00eb thosha se vitin tjet\u00ebr nuk do t\u00eb isha m\u00eb n\u00eb prezantimin dhe drejtimin e Big Brother, m\u00eb thoshte se po ja fus kot, se po b\u00ebj shum\u00eb gabim!<\/p>\n<p>Se \u00ebsht\u00eb maja e spektaklit, se do ishte fundi i karrier\u00ebs time, se do m\u00eb mbylleshin t\u00eb gjitha dyert n\u00eb Top, se nuk ka asnj\u00eb njeri t\u00eb paz\u00ebvend\u00ebsuesh\u00ebm, se do pendohesha. Natyrisht, nj\u00eb pjes\u00eb dol\u00ebn t\u00eb v\u00ebrteta.<\/p>\n<p>E pavar\u00ebsisht korit q\u00eb kisha kund\u00ebr at\u00eb koh\u00eb, un\u00eb vendosa t\u00eb largohesha, jo pa keqardhje, por se po humbisja di\u00e7ka m\u00eb t\u00eb r\u00ebnd\u00ebsishme se suksesi, ambicia dhe parat\u00eb. Se po humbisja veten time!\u201d<\/p>\n<p>Edhe pse ka b\u00ebr\u00eb p\u00ebrher\u00eb pun\u00ebn q\u00eb ka dashur, Arbana ndan me publikun at\u00eb pjes\u00eb q\u00eb i kishte munguar aq shum\u00eb dhe mbase e kishte tjet\u00ebrsuar. Nj\u00eb mesazh ky q\u00eb nuk \u00ebsht\u00eb fama, suksesi, parat\u00eb apo klikimet element\u00ebt q\u00eb na b\u00ebjn\u00eb t\u00eb ndihemi t\u00eb gjall\u00eb e t\u00eb kompletuar!<\/p>\n<p>\u201cKam filluar ta b\u00ebj k\u00ebt\u00eb pun\u00eb q\u00eb 14 vje\u00e7 jo p\u00ebr t\u2019u b\u00ebr\u00eb e famshme, por se m\u00eb buronte, se kam dashur t\u00eb komunikoj me publikun. Pavar\u00ebsisht se nuk kam qen\u00eb imazhi perfekt i bukuris\u00eb n\u00eb televizion. S\u2019kisha at\u00eb gjat\u00ebsin\u00eb, ecjen, duart i mbaja keq\u2026Akoma i mbaj keq! Un\u00eb prap\u00eb kam b\u00ebr\u00eb n\u00eb televizion gjith\u00e7ka q\u00eb kam dashur. Jo gjithmon\u00eb ia kam dal\u00eb, por nuk jam dor\u00ebzuar asnj\u00ebher\u00eb! Se prind\u00ebrit m\u00eb kan\u00eb m\u00ebsuar se duhet t\u00eb luftosh p\u00ebr at\u00eb q\u00eb do, t\u00eb q\u00ebndrosh edhe kur thyhesh! E megjithat\u00eb para 2 vitesh u dor\u00ebzova! U largova nga ajo studio e madhe zem\u00ebrthyer, u largova duke menduar n\u00ebse koleg\u00ebt e mi do m\u00eb shkruanin apo do m\u00eb flisnin. Ika dhe nuk kisha asnj\u00eb plan B. Asnj\u00eb! Nuk dija se \u00e7far\u00eb doja, por dija se \u00e7far\u00eb nuk doja dhe kaq m\u00eb mjaftonte. Kisha shum\u00eb frik\u00eb, frika p\u00ebr t\u00eb ndryshuar nuk ishte m\u00eb e madhe se frika p\u00ebr t\u00eb q\u00ebndruar, por e mundi. Dal\u00ebngadal\u00eb rikuperova koh\u00ebn me f\u00ebmij\u00ebt e mi, shijova jet\u00ebn reale. At\u00eb q\u00eb s\u2019ka lidhje me followersat, grimin. Duke ikur nga suksesi n\u00eb syt\u00eb e publikut, po njihja nj\u00eb sukses t\u00eb ri, jo rehat, por pa at\u00eb ndjesin\u00eb q\u00eb t\u00eb mbyt, q\u00eb nuk t\u00eb l\u00eb t\u00eb lir\u00eb. Nj\u00eb dhurat\u00eb q\u00eb po i b\u00ebja vetes time. Jeta ka m\u00ebnyr\u00ebn e vet p\u00ebr t\u00eb treguar se duartrokitjet e audiencave t\u00eb m\u00ebdha ishin z\u00ebvend\u00ebsuar me ato t\u00eb f\u00ebmij\u00ebve t\u00eb mi.<\/p>\n<p>\u201cNe nuk jemi n\u00eb k\u00ebt\u00eb jet\u00eb p\u00ebr t\u00eb qen\u00eb t\u00eb p\u00ebrsosur! N\u00ebse thyhemi, t\u00eb ringrihemi m\u00eb t\u00eb fort\u00eb! N\u00eb k\u00ebrkimin p\u00ebr sukses, k\u00ebshilla ime \u00ebsht\u00eb t\u00eb mos humbni drit\u00ebn tuaj! Un\u00eb kam zgjedhur t\u00eb jetoj jet\u00ebn time dhe jo pritshm\u00ebrit\u00eb e t\u00eb tjer\u00ebve! Ndoshta kjo \u00ebsht\u00eb forma m\u00eb e past\u00ebr e guximit\u201d, p\u00ebrfundoi Arbana Osmani<\/p>\n<div id=\"blogs-3204788273\" class=\"blogs-after-content blogs-entity-placement\"><div id=\"div-gpt-ad-1770230601260-0\" style=\"width:300px; height:600px;\"><\/div><\/div><div id=\"blogs-1444075841\" class=\"blogs-adsense-after-kontent blogs-entity-placement\"><script async src=\"https:\/\/pagead2.googlesyndication.com\/pagead\/js\/adsbygoogle.js\"\r\n     crossorigin=\"anonymous\"><\/script>\r\n<!-- Tiranaread -->\r\n<ins class=\"adsbygoogle\"\r\n     style=\"display:inline-block;width:728px;height:90px\"\r\n     data-ad-client=\"ca-pub-2355142065052501\"\r\n\t data-page-url=\"https:\/\/blogseyir.com\"\r\n     data-ad-slot=\"7464751963\"><\/ins>\r\n<script>\r\n     (adsbygoogle = window.adsbygoogle || []).push({});\r\n<\/script><\/div>","protected":false},"excerpt":{"rendered":"<p>Moderatorja e njohur dhe e dashur p\u00ebr publikun Arbana Osmani mbr\u00ebmjen e djeshme b\u00ebri nj\u00eb rr\u00ebfim frym\u00ebzues e t\u00eb guximsh\u00ebm. Teksa shum\u00eb \u00ebsht\u00eb aluduar p\u00ebr largimin e saj nga Top Channel. ku punoi p\u00ebr vite me radh\u00eb n\u00eb programe t\u00eb ndryshme, ajo i dha t\u00eb gjitha p\u00ebrgjigjet. K\u00ebto t\u00eb fundit, nuk i p\u00ebrngjasojn\u00eb atyre q\u00eb [&hellip;]<\/p>\n","protected":false},"author":1,"featured_media":16985,"comment_status":"open","ping_status":"closed","sticky":false,"template":"","format":"standard","meta":{"footnotes":""},"categories":[33],"tags":[215],"class_list":["post-16986","post","type-post","status-publish","format-standard","has-post-thumbnail","hentry","category-showbizi","tag-arbana-osmani"],"_links":{"self":[{"href":"https:\/\/blogseyir.com\/wp\/wp-json\/wp\/v2\/posts\/16986","targetHints":{"allow":["GET"]}}],"collection":[{"href":"https:\/\/blogseyir.com\/wp\/wp-json\/wp\/v2\/posts"}],"about":[{"href":"https:\/\/blogseyir.com\/wp\/wp-json\/wp\/v2\/types\/post"}],"author":[{"embeddable":true,"href":"https:\/\/blogseyir.com\/wp\/wp-json\/wp\/v2\/users\/1"}],"replies":[{"embeddable":true,"href":"https:\/\/blogseyir.com\/wp\/wp-json\/wp\/v2\/comments?post=16986"}],"version-history":[{"count":1,"href":"https:\/\/blogseyir.com\/wp\/wp-json\/wp\/v2\/posts\/16986\/revisions"}],"predecessor-version":[{"id":16987,"href":"https:\/\/blogseyir.com\/wp\/wp-json\/wp\/v2\/posts\/16986\/revisions\/16987"}],"wp:featuredmedia":[{"embeddable":true,"href":"https:\/\/blogseyir.com\/wp\/wp-json\/wp\/v2\/media\/16985"}],"wp:attachment":[{"href":"https:\/\/blogseyir.com\/wp\/wp-json\/wp\/v2\/media?parent=16986"}],"wp:term":[{"taxonomy":"category","embeddable":true,"href":"https:\/\/blogseyir.com\/wp\/wp-json\/wp\/v2\/categories?post=16986"},{"taxonomy":"post_tag","embeddable":true,"href":"https:\/\/blogseyir.com\/wp\/wp-json\/wp\/v2\/tags?post=16986"}],"curies":[{"name":"wp","href":"https:\/\/api.w.org\/{rel}","templated":true}]}}