{"id":16937,"date":"2025-04-04T14:54:26","date_gmt":"2025-04-04T14:54:26","guid":{"rendered":"https:\/\/blogseyir.com\/wp\/?p=16937"},"modified":"2025-04-04T14:54:28","modified_gmt":"2025-04-04T14:54:28","slug":"alketa-postoje-nje-foto-me-arbana-osmanin-komenti-i-kesaj-te-fundit-po-ngjalle-reagime-te-medha-ne-rrjet","status":"publish","type":"post","link":"https:\/\/blogseyir.com\/wp\/alketa-postoje-nje-foto-me-arbana-osmanin-komenti-i-kesaj-te-fundit-po-ngjalle-reagime-te-medha-ne-rrjet\/","title":{"rendered":"Alketa postoj\u00eb nj\u00eb foto me Arbana Osmanin, komenti i k\u00ebsaj t\u00eb fundit po NGJALLE REAGIME t\u00eb m\u00ebdha n\u00eb rrjet!"},"content":{"rendered":"<p>Moderatorja e njohur Arbana Osmani rikthehet n\u00eb ekran pas dy vitesh, duke u b\u00ebr\u00eb pjes\u00eb e spektaklit madh\u00ebshtor t\u00eb \u201cX Factor Albania\u201d i cili do t\u00eb transmetohet k\u00ebt\u00eb t\u00eb premte.<\/p>\n<p><img loading=\"lazy\" decoding=\"async\" class=\"wp-image-13060 alignnone size-full\" src=\"https:\/\/blogseyir.com\/wp\/wp-content\/uploads\/2025\/04\/image-3-1.jpg\" alt=\"\" width=\"641\" height=\"522\" \/><\/p>\n<p>Lajmi \u00ebsht\u00eb konfirmuar nga vet\u00eb Arbana, e cila do t\u00eb ngjitet n\u00eb sken\u00ebn e finales s\u00eb madhe t\u00eb X Factor Albania, ku do t\u00eb jet\u00eb me moderatoren Alketa Vejsiu. Kjo \u00ebsht\u00eb hera e par\u00eb q\u00eb dy nga ikonat e ekranit shqiptar ndajn\u00eb t\u00eb nj\u00ebjt\u00ebn sken\u00eb, \u00e7ka ka ngjallur shum\u00eb kureshtje te publiku.<\/p>\n<p>M\u00ebsohet se Arbana do t\u00eb jet\u00eb e ftuara speciale e nat\u00ebs finale, duke bashk\u00ebmoderuar spektaklin me Alketa Vejsiun.<\/p>\n<p>Finalja e \u201cX Factor Albania\u201d do t\u00eb transmetohet k\u00ebt\u00eb t\u00eb premte n\u00eb or\u00ebn 21:00 n\u00eb Klan TV dhe do t\u00eb shpall\u00eb fituesin mes tre konkurrent\u00ebve finalist\u00eb Rigersit, Leandr\u00ebs dhe Salvatores.<\/p>\n<p>Ne foton e postuar nga Alketa Vejsiu, vemendje te madhe mori komenti i Arbanes. Alketa shprehet qe tek fotoja me Arbanen ka perdorur filter ne fytyr dhe komenti epik i Arbanes ishte &#8216;Sa te bukur me paske bere, kete filtrin na e vendos dhe ne ekran.&#8217;<\/p>\n<p><img loading=\"lazy\" decoding=\"async\" class=\"wp-image-13058 alignnone size-full\" src=\"https:\/\/blogseyir.com\/wp\/wp-content\/uploads\/2025\/04\/image-2.png\" alt=\"\" width=\"620\" height=\"159\" \/><\/p>\n<p>Ky koment ka ngjallur shume reagime, ku disa i thone Arbanes qe ti je yll dhe nuk ke nevoj per filtra dhe disa te tjere i thone Alketes qe duhet te jete me origjinale dhe te mos te tjetersohet ne foto me filtra.<\/p>\n<div id=\"blogs-1126821542\" class=\"blogs-after-content blogs-entity-placement\"><div id=\"div-gpt-ad-1770230601260-0\" style=\"width:300px; height:600px;\"><\/div><\/div><div id=\"blogs-1317136255\" class=\"blogs-adsense-after-kontent blogs-entity-placement\"><script async src=\"https:\/\/pagead2.googlesyndication.com\/pagead\/js\/adsbygoogle.js\"\r\n     crossorigin=\"anonymous\"><\/script>\r\n<!-- Tiranaread -->\r\n<ins class=\"adsbygoogle\"\r\n     style=\"display:inline-block;width:728px;height:90px\"\r\n     data-ad-client=\"ca-pub-2355142065052501\"\r\n\t data-page-url=\"https:\/\/blogseyir.com\"\r\n     data-ad-slot=\"7464751963\"><\/ins>\r\n<script>\r\n     (adsbygoogle = window.adsbygoogle || []).push({});\r\n<\/script><\/div>","protected":false},"excerpt":{"rendered":"<p>Moderatorja e njohur Arbana Osmani rikthehet n\u00eb ekran pas dy vitesh, duke u b\u00ebr\u00eb pjes\u00eb e spektaklit madh\u00ebshtor t\u00eb \u201cX Factor Albania\u201d i cili do t\u00eb transmetohet k\u00ebt\u00eb t\u00eb premte. Lajmi \u00ebsht\u00eb konfirmuar nga vet\u00eb Arbana, e cila do t\u00eb ngjitet n\u00eb sken\u00ebn e finales s\u00eb madhe t\u00eb X Factor Albania, ku do t\u00eb jet\u00eb [&hellip;]<\/p>\n","protected":false},"author":1,"featured_media":16935,"comment_status":"open","ping_status":"closed","sticky":false,"template":"","format":"standard","meta":{"footnotes":""},"categories":[32],"tags":[559,215],"class_list":["post-16937","post","type-post","status-publish","format-standard","has-post-thumbnail","hentry","category-te-fundit","tag-alketa-vejsiu","tag-arbana-osmani"],"_links":{"self":[{"href":"https:\/\/blogseyir.com\/wp\/wp-json\/wp\/v2\/posts\/16937","targetHints":{"allow":["GET"]}}],"collection":[{"href":"https:\/\/blogseyir.com\/wp\/wp-json\/wp\/v2\/posts"}],"about":[{"href":"https:\/\/blogseyir.com\/wp\/wp-json\/wp\/v2\/types\/post"}],"author":[{"embeddable":true,"href":"https:\/\/blogseyir.com\/wp\/wp-json\/wp\/v2\/users\/1"}],"replies":[{"embeddable":true,"href":"https:\/\/blogseyir.com\/wp\/wp-json\/wp\/v2\/comments?post=16937"}],"version-history":[{"count":1,"href":"https:\/\/blogseyir.com\/wp\/wp-json\/wp\/v2\/posts\/16937\/revisions"}],"predecessor-version":[{"id":16938,"href":"https:\/\/blogseyir.com\/wp\/wp-json\/wp\/v2\/posts\/16937\/revisions\/16938"}],"wp:featuredmedia":[{"embeddable":true,"href":"https:\/\/blogseyir.com\/wp\/wp-json\/wp\/v2\/media\/16935"}],"wp:attachment":[{"href":"https:\/\/blogseyir.com\/wp\/wp-json\/wp\/v2\/media?parent=16937"}],"wp:term":[{"taxonomy":"category","embeddable":true,"href":"https:\/\/blogseyir.com\/wp\/wp-json\/wp\/v2\/categories?post=16937"},{"taxonomy":"post_tag","embeddable":true,"href":"https:\/\/blogseyir.com\/wp\/wp-json\/wp\/v2\/tags?post=16937"}],"curies":[{"name":"wp","href":"https:\/\/api.w.org\/{rel}","templated":true}]}}