{"id":16239,"date":"2025-03-29T10:32:04","date_gmt":"2025-03-29T10:32:04","guid":{"rendered":"https:\/\/blogseyir.com\/wp\/?p=16239"},"modified":"2025-03-29T10:32:07","modified_gmt":"2025-03-29T10:32:07","slug":"pas-akuzave-te-gjestit-per-rozanen-reagon-ashper-motra-e-saj","status":"publish","type":"post","link":"https:\/\/blogseyir.com\/wp\/pas-akuzave-te-gjestit-per-rozanen-reagon-ashper-motra-e-saj\/","title":{"rendered":"Pas akuzave t\u00eb Gjestit p\u00ebr Rozan\u00ebn, reagon ashp\u00ebr motra e saj"},"content":{"rendered":"<p>Gjat\u00eb k\u00ebtyre dit\u00ebve debati mes Gjestit dhe Rozan\u00ebs ka agravuar duke u p\u00ebrmendur edhe gj\u00ebra nga jasht\u00eb.<\/p>\n<p><img loading=\"lazy\" decoding=\"async\" class=\"alignnone size-full wp-image-12054\" src=\"https:\/\/blogseyir.com\/wp\/wp-content\/uploads\/2025\/03\/9B3594EB-27E9-485D-8FCC-C28B40D32101.jpg\" alt=\"\" width=\"750\" height=\"423\" \/><\/p>\n<p>Gjesti n\u00eb nj\u00eb moment i \u00ebsht\u00eb drejtuar Rozan\u00ebs se \u201cTi e ke dh\u00ebn\u00eb shembullin m\u00eb t\u00eb keq,<\/p>\n<p>je rrahur me femra jasht\u00eb\u201d ani pse k\u00ebto akuza Rozana i kund\u00ebrshtoi kategorikisht.<\/p>\n<p>Me pas ka ardhur edhe reagimi i motr\u00ebs s\u00eb k\u00ebng\u00ebtares, ku shprehet ashp\u00ebr p\u00ebr Gjestin.<\/p>\n<p>\u201cDjali m\u00eb i keq q\u00eb me kan\u00eb par\u00eb syt\u00eb\u201d ishin fjal\u00ebt e motr\u00ebs s\u00eb Rozan\u00ebs, nd\u00ebrsa ndjek\u00ebsit kan\u00eb reaguar ashp\u00ebr n\u00eb komente.<\/p>\n<p><img loading=\"lazy\" decoding=\"async\" class=\"alignnone size-full wp-image-12055\" src=\"https:\/\/blogseyir.com\/wp\/wp-content\/uploads\/2025\/03\/75FE1107-62CA-4A54-A1C9-BE4CB0B64CE3.jpg\" alt=\"\" width=\"402\" height=\"729\" \/><\/p>\n<div id=\"blogs-2932926570\" class=\"blogs-adsense-after-kontent blogs-entity-placement\"><script async src=\"https:\/\/pagead2.googlesyndication.com\/pagead\/js\/adsbygoogle.js\"\r\n     crossorigin=\"anonymous\"><\/script>\r\n<!-- Tiranaread -->\r\n<ins class=\"adsbygoogle\"\r\n     style=\"display:inline-block;width:728px;height:90px\"\r\n     data-ad-client=\"ca-pub-2355142065052501\"\r\n\t data-page-url=\"https:\/\/blogseyir.com\"\r\n     data-ad-slot=\"7464751963\"><\/ins>\r\n<script>\r\n     (adsbygoogle = window.adsbygoogle || []).push({});\r\n<\/script><\/div>","protected":false},"excerpt":{"rendered":"<p>Gjat\u00eb k\u00ebtyre dit\u00ebve debati mes Gjestit dhe Rozan\u00ebs ka agravuar duke u p\u00ebrmendur edhe gj\u00ebra nga jasht\u00eb. Gjesti n\u00eb nj\u00eb moment i \u00ebsht\u00eb drejtuar Rozan\u00ebs se \u201cTi e ke dh\u00ebn\u00eb shembullin m\u00eb t\u00eb keq, je rrahur me femra jasht\u00eb\u201d ani pse k\u00ebto akuza Rozana i kund\u00ebrshtoi kategorikisht. Me pas ka ardhur edhe reagimi i motr\u00ebs [&hellip;]<\/p>\n","protected":false},"author":1,"featured_media":16237,"comment_status":"open","ping_status":"closed","sticky":false,"template":"","format":"standard","meta":{"footnotes":""},"categories":[33],"tags":[294,92,67,202],"class_list":["post-16239","post","type-post","status-publish","format-standard","has-post-thumbnail","hentry","category-showbizi","tag-a","tag-bbv4","tag-gjesti","tag-rozana-radi"],"_links":{"self":[{"href":"https:\/\/blogseyir.com\/wp\/wp-json\/wp\/v2\/posts\/16239","targetHints":{"allow":["GET"]}}],"collection":[{"href":"https:\/\/blogseyir.com\/wp\/wp-json\/wp\/v2\/posts"}],"about":[{"href":"https:\/\/blogseyir.com\/wp\/wp-json\/wp\/v2\/types\/post"}],"author":[{"embeddable":true,"href":"https:\/\/blogseyir.com\/wp\/wp-json\/wp\/v2\/users\/1"}],"replies":[{"embeddable":true,"href":"https:\/\/blogseyir.com\/wp\/wp-json\/wp\/v2\/comments?post=16239"}],"version-history":[{"count":1,"href":"https:\/\/blogseyir.com\/wp\/wp-json\/wp\/v2\/posts\/16239\/revisions"}],"predecessor-version":[{"id":16240,"href":"https:\/\/blogseyir.com\/wp\/wp-json\/wp\/v2\/posts\/16239\/revisions\/16240"}],"wp:featuredmedia":[{"embeddable":true,"href":"https:\/\/blogseyir.com\/wp\/wp-json\/wp\/v2\/media\/16237"}],"wp:attachment":[{"href":"https:\/\/blogseyir.com\/wp\/wp-json\/wp\/v2\/media?parent=16239"}],"wp:term":[{"taxonomy":"category","embeddable":true,"href":"https:\/\/blogseyir.com\/wp\/wp-json\/wp\/v2\/categories?post=16239"},{"taxonomy":"post_tag","embeddable":true,"href":"https:\/\/blogseyir.com\/wp\/wp-json\/wp\/v2\/tags?post=16239"}],"curies":[{"name":"wp","href":"https:\/\/api.w.org\/{rel}","templated":true}]}}