{"id":15280,"date":"2025-03-21T18:52:59","date_gmt":"2025-03-21T18:52:59","guid":{"rendered":"https:\/\/blogseyir.com\/wp\/?p=15280"},"modified":"2025-03-21T18:53:00","modified_gmt":"2025-03-21T18:53:00","slug":"luizi-apo-luana-merr-fund-misteri-ja-kush-do-e-moderatoje-kete-sezon-ferma-vip","status":"publish","type":"post","link":"https:\/\/blogseyir.com\/wp\/luizi-apo-luana-merr-fund-misteri-ja-kush-do-e-moderatoje-kete-sezon-ferma-vip\/","title":{"rendered":"Luizi apo Luana? Merr fund misteri, ja kush do e moderatoj\u00eb k\u00ebt\u00eb sezon &#8216;Ferma Vip&#8217;!"},"content":{"rendered":"<p>Pas shum\u00eb spekulimeve se Luiz Ejlli mund t\u00eb merrte drejtimin e \u201cFerma VIP\u201d, duket se tashm\u00eb \u00ebsht\u00eb konfirmuar moderatorja e re: Luana Vjollca!<\/p>\n<p>&nbsp;<\/p>\n<p><img loading=\"lazy\" decoding=\"async\" class=\"wp-image-10630 alignnone size-full\" src=\"https:\/\/blogseyir.com\/wp\/wp-content\/uploads\/2025\/03\/image-45-5.jpg\" alt=\"\" width=\"750\" height=\"518\" \/><\/p>\n<p>Sipas burimeve t\u00eb sigurta p\u00ebr Anabel, Luana do t\u00eb rikthehet n\u00eb ekran pas nj\u00eb periudhe gati dyvje\u00e7are, pas eksperienc\u00ebs s\u00eb saj me \u201cLove Island\u201d n\u00eb Tv Klan.<\/p>\n<p>Gjat\u00eb k\u00ebsaj kohe, ajo \u00ebsht\u00eb fokusuar m\u00eb shum\u00eb te biznesi i saj i mod\u00ebs, por duket se tani vjen me angazhime t\u00eb reja n\u00eb televizion.<\/p>\n<p>Reality show \u201cFerma VIP\u201d, i cili do t\u00eb startoj\u00eb s\u00eb shpejti n\u00eb Vizion Plus, do t\u00eb sjell\u00eb personazhe t\u00eb njohur, t\u00eb cil\u00ebt do t\u00eb p\u00ebrballen me sfidat e jetes\u00ebs n\u00eb ferm\u00eb p\u00ebr 100 dit\u00eb, nd\u00ebrsa fituesi do t\u00eb shp\u00ebrblehet me 100 mij\u00eb euro.<\/p>\n<p>Sezoni i par\u00eb u drejtua nga Fjoralba Ponari, nd\u00ebrsa fitues u shpall Dijonis Biba.<\/p>\n<p>E nd\u00ebrsa Luiz Ejlli nuk do t\u00eb jet\u00eb n\u00eb rolin e moderatorit, nuk p\u00ebrjashtohet mund\u00ebsia q\u00eb ai t\u00eb ket\u00eb nj\u00eb rol t\u00eb ve\u00e7ant\u00eb n\u00eb k\u00ebt\u00eb sezon t\u00eb ri.<\/p>\n<div id=\"blogs-331325516\" class=\"blogs-after-content blogs-entity-placement\"><div id=\"div-gpt-ad-1770230601260-0\" style=\"width:300px; height:600px;\"><\/div><\/div><div id=\"blogs-3183315382\" class=\"blogs-adsense-after-kontent blogs-entity-placement\"><script async src=\"https:\/\/pagead2.googlesyndication.com\/pagead\/js\/adsbygoogle.js\"\r\n     crossorigin=\"anonymous\"><\/script>\r\n<!-- Tiranaread -->\r\n<ins class=\"adsbygoogle\"\r\n     style=\"display:inline-block;width:728px;height:90px\"\r\n     data-ad-client=\"ca-pub-2355142065052501\"\r\n\t data-page-url=\"https:\/\/blogseyir.com\"\r\n     data-ad-slot=\"7464751963\"><\/ins>\r\n<script>\r\n     (adsbygoogle = window.adsbygoogle || []).push({});\r\n<\/script><\/div>","protected":false},"excerpt":{"rendered":"<p>Pas shum\u00eb spekulimeve se Luiz Ejlli mund t\u00eb merrte drejtimin e \u201cFerma VIP\u201d, duket se tashm\u00eb \u00ebsht\u00eb konfirmuar moderatorja e re: Luana Vjollca! &nbsp; Sipas burimeve t\u00eb sigurta p\u00ebr Anabel, Luana do t\u00eb rikthehet n\u00eb ekran pas nj\u00eb periudhe gati dyvje\u00e7are, pas eksperienc\u00ebs s\u00eb saj me \u201cLove Island\u201d n\u00eb Tv Klan. Gjat\u00eb k\u00ebsaj kohe, ajo [&hellip;]<\/p>\n","protected":false},"author":1,"featured_media":15279,"comment_status":"open","ping_status":"closed","sticky":false,"template":"","format":"standard","meta":{"footnotes":""},"categories":[32],"tags":[637,678,75],"class_list":["post-15280","post","type-post","status-publish","format-standard","has-post-thumbnail","hentry","category-te-fundit","tag-ferma-vip","tag-luana-vjollca","tag-luiz-ejlli"],"_links":{"self":[{"href":"https:\/\/blogseyir.com\/wp\/wp-json\/wp\/v2\/posts\/15280","targetHints":{"allow":["GET"]}}],"collection":[{"href":"https:\/\/blogseyir.com\/wp\/wp-json\/wp\/v2\/posts"}],"about":[{"href":"https:\/\/blogseyir.com\/wp\/wp-json\/wp\/v2\/types\/post"}],"author":[{"embeddable":true,"href":"https:\/\/blogseyir.com\/wp\/wp-json\/wp\/v2\/users\/1"}],"replies":[{"embeddable":true,"href":"https:\/\/blogseyir.com\/wp\/wp-json\/wp\/v2\/comments?post=15280"}],"version-history":[{"count":1,"href":"https:\/\/blogseyir.com\/wp\/wp-json\/wp\/v2\/posts\/15280\/revisions"}],"predecessor-version":[{"id":15281,"href":"https:\/\/blogseyir.com\/wp\/wp-json\/wp\/v2\/posts\/15280\/revisions\/15281"}],"wp:featuredmedia":[{"embeddable":true,"href":"https:\/\/blogseyir.com\/wp\/wp-json\/wp\/v2\/media\/15279"}],"wp:attachment":[{"href":"https:\/\/blogseyir.com\/wp\/wp-json\/wp\/v2\/media?parent=15280"}],"wp:term":[{"taxonomy":"category","embeddable":true,"href":"https:\/\/blogseyir.com\/wp\/wp-json\/wp\/v2\/categories?post=15280"},{"taxonomy":"post_tag","embeddable":true,"href":"https:\/\/blogseyir.com\/wp\/wp-json\/wp\/v2\/tags?post=15280"}],"curies":[{"name":"wp","href":"https:\/\/api.w.org\/{rel}","templated":true}]}}