{"id":13581,"date":"2025-03-08T10:50:04","date_gmt":"2025-03-08T10:50:04","guid":{"rendered":"https:\/\/blogseyir.com\/wp\/?p=13581"},"modified":"2025-03-08T10:50:07","modified_gmt":"2025-03-08T10:50:07","slug":"egli-la-shtepine-neda-me-deklarate-te-forte-shpirtprishurit-qe-marrin-fryme-per-nje","status":"publish","type":"post","link":"https:\/\/blogseyir.com\/wp\/egli-la-shtepine-neda-me-deklarate-te-forte-shpirtprishurit-qe-marrin-fryme-per-nje\/","title":{"rendered":"Egli la sht\u00ebpin\u00eb, Neda me deklarat\u00eb t\u00eb fort\u00eb: \u201cShpirtprishurit q\u00eb marrin frym\u00eb p\u00ebr nj\u00eb\u2026\u201d"},"content":{"rendered":"<p>Neda Balluku ka reaguar pas largimit t\u00eb Egli Takos nga Big Brother VIP Albania, duke ndar\u00eb nj\u00eb mesazh t\u00eb fort\u00eb p\u00ebrmes rrjeteve sociale.<\/p>\n<p><img loading=\"lazy\" decoding=\"async\" class=\"alignnone size-full wp-image-8715\" src=\"https:\/\/blogseyir.com\/wp\/wp-content\/uploads\/2025\/03\/5B36A5B3-094E-4692-ACB5-3A8201264025.jpg\" alt=\"\" width=\"750\" height=\"382\" \/><\/p>\n<p>N\u00eb nj\u00eb postim t\u00eb saj, ajo ka krahasuar reagimin e kritik\u00ebve t\u00eb Eglit me nj\u00eb degradim t\u00eb brendsh\u00ebm, duke theksuar se ata q\u00eb sulmojn\u00eb p\u00ebr t\u00eb fituar nj\u00eb ndjek\u00ebs m\u00eb shum\u00eb jan\u00eb t\u00eb zhytur n\u00eb nj\u00eb rr\u00ebzim t\u00eb pashpres\u00eb.<\/p>\n<p>Megjithat\u00eb, mesazhi i saj \u00ebsht\u00eb edhe nj\u00eb shenj\u00eb mb\u00ebshtetjeje p\u00ebr Eglin, duke p\u00ebrdorur metafor\u00ebn e lules, q\u00eb mbetet e till\u00eb pavar\u00ebsisht stin\u00ebve dhe v\u00ebshtir\u00ebsive q\u00eb kalon.<\/p>\n<p>\u201cLexoj sonte fjal\u00eb. Pafund fjal\u00eb\u2026 ndon\u00ebse nj\u00eb kapitull mbyllet, shpirtprishurit e kazmat njer\u00ebzore q\u00eb marrin frym\u00eb p\u00ebr t\u00eb kapur nj\u00eb follow m\u00eb shum\u00eb, nuk ndalen e vazhdojn\u00eb t\u00eb rrokullisen me sek\u00eblldi me veten,<\/p>\n<p>m\u00eb keq se Gregor Zamza kur u gdhi kand\u00ebrr dhe ndjeu neveri p\u00ebr at\u00eb q\u00eb ishte shnd\u00ebrruar.<\/p>\n<p>Por mos harroni kurr\u00eb q\u00eb nj\u00eb lule mbetet lule edhe kur vyshket n\u00eb vjesht\u00eb edhe kur \u00e7el n\u00eb pranver\u00eb. Dhe pranvera vjen s\u00ebrish.\u201d<\/p>\n<p><img loading=\"lazy\" decoding=\"async\" class=\"wp-image-8716 alignnone size-full\" src=\"https:\/\/blogseyir.com\/wp\/wp-content\/uploads\/2025\/03\/DF9D9A44-2D34-4720-9116-629841C93FA0.jpg\" alt=\"\" width=\"426\" height=\"750\" \/><\/p>\n<p>Me fjal\u00ebt \u201cdhe pranvera vjen s\u00ebrish\u201d, Neda n\u00ebnkupton se pavar\u00ebsisht kritikave apo sfidave, Egli do t\u00eb ket\u00eb nj\u00eb ringritje dhe nj\u00eb kapitull t\u00eb ri pozitiv n\u00eb rrug\u00ebtimin e saj.<\/p>\n<div id=\"blogs-3300960134\" class=\"blogs-after-content blogs-entity-placement\"><div id=\"div-gpt-ad-1770230601260-0\" style=\"width:300px; height:600px;\"><\/div><\/div><div id=\"blogs-867257248\" class=\"blogs-adsense-after-kontent blogs-entity-placement\"><script async src=\"https:\/\/pagead2.googlesyndication.com\/pagead\/js\/adsbygoogle.js\"\r\n     crossorigin=\"anonymous\"><\/script>\r\n<!-- Tiranaread -->\r\n<ins class=\"adsbygoogle\"\r\n     style=\"display:inline-block;width:728px;height:90px\"\r\n     data-ad-client=\"ca-pub-2355142065052501\"\r\n\t data-page-url=\"https:\/\/blogseyir.com\"\r\n     data-ad-slot=\"7464751963\"><\/ins>\r\n<script>\r\n     (adsbygoogle = window.adsbygoogle || []).push({});\r\n<\/script><\/div>","protected":false},"excerpt":{"rendered":"<p>Neda Balluku ka reaguar pas largimit t\u00eb Egli Takos nga Big Brother VIP Albania, duke ndar\u00eb nj\u00eb mesazh t\u00eb fort\u00eb p\u00ebrmes rrjeteve sociale. N\u00eb nj\u00eb postim t\u00eb saj, ajo ka krahasuar reagimin e kritik\u00ebve t\u00eb Eglit me nj\u00eb degradim t\u00eb brendsh\u00ebm, duke theksuar se ata q\u00eb sulmojn\u00eb p\u00ebr t\u00eb fituar nj\u00eb ndjek\u00ebs m\u00eb shum\u00eb jan\u00eb [&hellip;]<\/p>\n","protected":false},"author":1,"featured_media":13579,"comment_status":"open","ping_status":"closed","sticky":false,"template":"","format":"standard","meta":{"footnotes":""},"categories":[33],"tags":[92,206,468],"class_list":["post-13581","post","type-post","status-publish","format-standard","has-post-thumbnail","hentry","category-showbizi","tag-bbv4","tag-egli-tako","tag-neda-balluku"],"_links":{"self":[{"href":"https:\/\/blogseyir.com\/wp\/wp-json\/wp\/v2\/posts\/13581","targetHints":{"allow":["GET"]}}],"collection":[{"href":"https:\/\/blogseyir.com\/wp\/wp-json\/wp\/v2\/posts"}],"about":[{"href":"https:\/\/blogseyir.com\/wp\/wp-json\/wp\/v2\/types\/post"}],"author":[{"embeddable":true,"href":"https:\/\/blogseyir.com\/wp\/wp-json\/wp\/v2\/users\/1"}],"replies":[{"embeddable":true,"href":"https:\/\/blogseyir.com\/wp\/wp-json\/wp\/v2\/comments?post=13581"}],"version-history":[{"count":1,"href":"https:\/\/blogseyir.com\/wp\/wp-json\/wp\/v2\/posts\/13581\/revisions"}],"predecessor-version":[{"id":13582,"href":"https:\/\/blogseyir.com\/wp\/wp-json\/wp\/v2\/posts\/13581\/revisions\/13582"}],"wp:featuredmedia":[{"embeddable":true,"href":"https:\/\/blogseyir.com\/wp\/wp-json\/wp\/v2\/media\/13579"}],"wp:attachment":[{"href":"https:\/\/blogseyir.com\/wp\/wp-json\/wp\/v2\/media?parent=13581"}],"wp:term":[{"taxonomy":"category","embeddable":true,"href":"https:\/\/blogseyir.com\/wp\/wp-json\/wp\/v2\/categories?post=13581"},{"taxonomy":"post_tag","embeddable":true,"href":"https:\/\/blogseyir.com\/wp\/wp-json\/wp\/v2\/tags?post=13581"}],"curies":[{"name":"wp","href":"https:\/\/api.w.org\/{rel}","templated":true}]}}