{"id":11590,"date":"2025-02-21T14:46:42","date_gmt":"2025-02-21T14:46:42","guid":{"rendered":"https:\/\/blogseyir.com\/wp\/?p=11590"},"modified":"2025-02-21T14:46:44","modified_gmt":"2025-02-21T14:46:44","slug":"nuk-e-besoj-qe-egli-eshte-e-dashuruar-me-gjestin-per-te-gjesti-nuk-eshte-i-pari-qe-ish-banorja-e-bbv-bene-deklaraten-e-papritur-per-eglin","status":"publish","type":"post","link":"https:\/\/blogseyir.com\/wp\/nuk-e-besoj-qe-egli-eshte-e-dashuruar-me-gjestin-per-te-gjesti-nuk-eshte-i-pari-qe-ish-banorja-e-bbv-bene-deklaraten-e-papritur-per-eglin\/","title":{"rendered":"&#8216;Nuk e besoj q\u00eb Egli \u00ebsht\u00eb e dashuruar me Gjestin, p\u00ebr t\u00eb Gjesti nuk \u00ebsht\u00eb i pari q\u00eb&#8230;&#8217; Ish banorja e BBV b\u00ebn\u00eb deklarat\u00ebn e papritur p\u00ebr Eglin!"},"content":{"rendered":"<p>Eftuar sot n\u00eb \u201cLive From Tirana\u201d ishte ish-banorja e \u201cBBV\u201d, Eda, p\u00ebr t\u00eb komentuar banor\u00ebt e \u201cBBV4\u201d, por edhe p\u00ebr t\u00eb folur p\u00ebr rrug\u00ebtimin e saj n\u00eb at\u00eb program.<\/p>\n<p>&nbsp;<\/p>\n<p><img loading=\"lazy\" decoding=\"async\" class=\"wp-image-6619 alignnone size-full\" src=\"https:\/\/blogseyir.com\/wp\/wp-content\/uploads\/2025\/02\/image-34-47.jpg\" alt=\"\" width=\"750\" height=\"446\" \/><\/p>\n<p>\u201cAplikova krejt rast\u00ebsisht. Pash\u00eb njoftimin te nj\u00eb mik. B\u00ebra intervist\u00eb. Dit\u00ebn q\u00eb mora vesh q\u00eb do futem isha e shokuar. Ishte nj\u00eb eksperienc\u00eb shum\u00eb e bukur. Kishte presion. E menaxhova mir\u00eb. Ishte pak e \u00e7uditshme ajo sht\u00ebpia e vog\u00ebl. Jam m\u00ebrzitur q\u00eb nuk shkoi m\u00eb gjat\u00eb\u201d, tha ajo.<\/p>\n<p>Lidhur me banor\u00ebt, ajo tha: \u201cGjesti m\u00eb p\u00eblqen. Realisht ka shum\u00eb presion nga nj\u00eb Big Brother n\u00eb nj\u00eb Big Brother, shum\u00eb lodhje e madhe. Rozana m\u00eb p\u00eblqen Dhe Laerti padyshim, m\u00ebnyra si flet argumenton. Pjesa tjet\u00ebr vet\u00ebm ofendime, Vserlo p\u00ebr shembull. Sidomos ai q\u00eb \u00ebsht\u00eb n\u00eb bot\u00eb arti nuk duhet t\u2019i ofendoj\u00eb femrat n\u00eb at\u00eb m\u00ebnyre\u201d.<\/p><div id=\"blogs-3682282274\" class=\"blogs-stick blogs-entity-placement\"><div id=\"div-gpt-ad-1770230783865-0\" style=\"min-width:300px; min-height:50px;\"><\/div><\/div>\n<p>Sa i p\u00ebrket raportit Egli-Gjesti, Eda u shpreh: \u201cEgli isht\u00eb shum\u00eb mir\u00eb n\u00eb fillimet e saj pa ardhur Gjesti. T\u00eb them q\u00eb ka r\u00ebn\u00eb n\u00eb dashuri kaq r\u00ebndsh\u00ebm s\u2019e besoj, por edhe mund t\u00eb ndodh\u00eb. Por nuk duhet ta kishte l\u00ebshuar veten n\u00eb at\u00eb m\u00ebnyr\u00eb.<\/p>\n<p>Ai mashkull \u00ebsht\u00eb, nuk \u00ebsht\u00eb as i pari, as i fundit n\u00eb k\u00ebt\u00eb planet. Del nj\u00eb Gjest tjet\u00ebr shum\u00eb her\u00eb m\u00eb i mir\u00eb. Do kisha dashur ta shikoja Eglin pa Gjestin, do kishte ec\u00eb m\u00eb shum\u00eb\u201d.<\/p>\n<p>Por kush duhet ta fitoj\u00eb BBV 4, sipas saj?<\/p>\n<p>\u201cGerta \u00ebsht\u00eb mir\u00eb, do kisha dashur t\u00eb tregonte pak m\u00eb shum\u00eb autoritet, t\u00eb tregonte q\u00eb \u00ebsht\u00eb motra e Olt\u00ebs, t\u2019iu afronte standardit t\u00eb saj. Olta ka qen\u00eb argumentuese shum\u00eb m\u00eb e lart\u00eb se Gerta\u201d, tha ish-banorja e sht\u00ebpis\u00eb m\u00eb t\u00eb famshme n\u00eb Shqip\u00ebri.<\/p>\n<p>Lidhur me nominimin e k\u00ebsaj jave, Eda u shpreh: \u201cSa i p\u00ebrket Loredan\u00ebs, ajo b\u00ebri di\u00e7ka shum\u00eb t\u00eb sh\u00ebmtuar. \u00c7far\u00ebdo q\u00eb do ket\u00eb ndodh\u00eb mes saj dhe Tirit s\u2019duhej t\u2019ia thoshte n\u00eb syt\u00eb e t\u00eb dashur\u00ebs s\u00eb tij. K\u00ebto gj\u00ebra publiku i do. M\u00eb e rrezikuara \u00ebsht\u00eb Livia dhe m\u00eb vjen keq\u201d.<\/p>\n<p>K\u00eb shikon ajo n\u00eb finale?<\/p>\n<p>\u201cGjesti, Rozana, Laerti, Gerta finalist\u00eb. Asnj\u00eb tjet\u00ebr s\u2019po b\u00ebn loj\u00eb. Jam midis t\u00eb 4, do kisha dashur ta fitonte Gjesti, e meriton, askush nuk ka mbajtur dy Big Brother, ka mbajtur rekord\u201d.<\/p>\n<div id=\"blogs-2523042771\" class=\"blogs-adsense-after-kontent blogs-entity-placement\"><script async src=\"https:\/\/pagead2.googlesyndication.com\/pagead\/js\/adsbygoogle.js\"\r\n     crossorigin=\"anonymous\"><\/script>\r\n<!-- Tiranaread -->\r\n<ins class=\"adsbygoogle\"\r\n     style=\"display:inline-block;width:728px;height:90px\"\r\n     data-ad-client=\"ca-pub-2355142065052501\"\r\n\t data-page-url=\"https:\/\/blogseyir.com\"\r\n     data-ad-slot=\"7464751963\"><\/ins>\r\n<script>\r\n     (adsbygoogle = window.adsbygoogle || []).push({});\r\n<\/script><\/div>","protected":false},"excerpt":{"rendered":"<p>Eftuar sot n\u00eb \u201cLive From Tirana\u201d ishte ish-banorja e \u201cBBV\u201d, Eda, p\u00ebr t\u00eb komentuar banor\u00ebt e \u201cBBV4\u201d, por edhe p\u00ebr t\u00eb folur p\u00ebr rrug\u00ebtimin e saj n\u00eb at\u00eb program. &nbsp; \u201cAplikova krejt rast\u00ebsisht. Pash\u00eb njoftimin te nj\u00eb mik. B\u00ebra intervist\u00eb. Dit\u00ebn q\u00eb mora vesh q\u00eb do futem isha e shokuar. Ishte nj\u00eb eksperienc\u00eb shum\u00eb e [&hellip;]<\/p>\n","protected":false},"author":1,"featured_media":11589,"comment_status":"open","ping_status":"closed","sticky":false,"template":"","format":"standard","meta":{"footnotes":""},"categories":[32],"tags":[52,206,67],"class_list":["post-11590","post","type-post","status-publish","format-standard","has-post-thumbnail","hentry","category-te-fundit","tag-bbva","tag-egli-tako","tag-gjesti"],"_links":{"self":[{"href":"https:\/\/blogseyir.com\/wp\/wp-json\/wp\/v2\/posts\/11590","targetHints":{"allow":["GET"]}}],"collection":[{"href":"https:\/\/blogseyir.com\/wp\/wp-json\/wp\/v2\/posts"}],"about":[{"href":"https:\/\/blogseyir.com\/wp\/wp-json\/wp\/v2\/types\/post"}],"author":[{"embeddable":true,"href":"https:\/\/blogseyir.com\/wp\/wp-json\/wp\/v2\/users\/1"}],"replies":[{"embeddable":true,"href":"https:\/\/blogseyir.com\/wp\/wp-json\/wp\/v2\/comments?post=11590"}],"version-history":[{"count":1,"href":"https:\/\/blogseyir.com\/wp\/wp-json\/wp\/v2\/posts\/11590\/revisions"}],"predecessor-version":[{"id":11591,"href":"https:\/\/blogseyir.com\/wp\/wp-json\/wp\/v2\/posts\/11590\/revisions\/11591"}],"wp:featuredmedia":[{"embeddable":true,"href":"https:\/\/blogseyir.com\/wp\/wp-json\/wp\/v2\/media\/11589"}],"wp:attachment":[{"href":"https:\/\/blogseyir.com\/wp\/wp-json\/wp\/v2\/media?parent=11590"}],"wp:term":[{"taxonomy":"category","embeddable":true,"href":"https:\/\/blogseyir.com\/wp\/wp-json\/wp\/v2\/categories?post=11590"},{"taxonomy":"post_tag","embeddable":true,"href":"https:\/\/blogseyir.com\/wp\/wp-json\/wp\/v2\/tags?post=11590"}],"curies":[{"name":"wp","href":"https:\/\/api.w.org\/{rel}","templated":true}]}}