{"id":11394,"date":"2025-02-19T13:48:50","date_gmt":"2025-02-19T13:48:50","guid":{"rendered":"https:\/\/blogseyir.com\/wp\/?p=11394"},"modified":"2025-02-19T13:48:53","modified_gmt":"2025-02-19T13:48:53","slug":"marina-vjollca-largohet-serish-nga-tch-por-nje-tjeter-moderatore-e-njohur-i-ze-vendin-ja-per-ke-behet-fjale","status":"publish","type":"post","link":"https:\/\/blogseyir.com\/wp\/marina-vjollca-largohet-serish-nga-tch-por-nje-tjeter-moderatore-e-njohur-i-ze-vendin-ja-per-ke-behet-fjale\/","title":{"rendered":"Marina Vjollca largohet s\u00ebrish nga \u2018TCH\u2019 por nj\u00eb tjet\u00ebr moderatore e njohur i z\u00eb vendin, ja p\u00ebr k\u00eb b\u00ebhet fjal\u00eb?"},"content":{"rendered":"<h2>Emisioni \u201cP\u00ebr Shqiptar\u00ebt\u201d, programi q\u00eb trajton historit\u00eb e shqiptar\u00ebve rikthehet s\u00ebrish n\u00eb \u201cTop Channel\u201d, por k\u00ebt\u00eb her\u00eb me nj\u00eb ndryshim.<\/h2>\n<p><img loading=\"lazy\" decoding=\"async\" class=\"wp-image-6420 alignnone size-full\" src=\"https:\/\/blogseyir.com\/wp\/wp-content\/uploads\/2025\/02\/95705D30-9F74-4F61-BB92-2E66E186DBA4.jpg\" alt=\"\" width=\"750\" height=\"394\" \/><\/p>\n<p>Kjo pasi k\u00ebt\u00eb sezon, Marina Vjollca nuk do jet\u00eb n\u00eb moderim, por do t\u00eb jet\u00eb Bora Zemani q\u00eb do ta prezantoj\u00eb emisionin.<\/p>\n<p>Ndon\u00ebse nuk dihet se p\u00ebrse \u00ebsht\u00eb b\u00ebr\u00eb ky z\u00ebvend\u00ebsim, por kujtojm\u00eb se Marina sapo ka publikuar linj\u00ebn e saj kozmetike, e mbase do t\u2019i p\u00ebrkushtohet asaj.<\/p>\n<p>M\u00eb her\u00ebt Bora Zemani u shpreh: \u201c\u00cbsht\u00eb lidhja shum\u00eb e bukur mes t\u00eb dyja programeve.<\/p>\n<p>Te Piramida ishim me familjet shqiptare e k\u00ebtu p\u00ebr nj\u00eb mision akoma m\u00eb t\u00eb madh. \u00cbsht\u00eb ai programi q\u00eb b\u00ebhen bashk\u00eb t\u00eb gjith\u00eb shqiptar\u00ebt p\u00ebr t\u00eb dh\u00ebn\u00eb mesazhe t\u00eb bukura e p\u00ebr t\u2019iu gjendur pran\u00eb nj\u00ebri tjetrit.<\/p>\n<p><img loading=\"lazy\" decoding=\"async\" class=\"wp-image-6421 alignnone size-full\" src=\"https:\/\/blogseyir.com\/wp\/wp-content\/uploads\/2025\/02\/B8ECF68D-8A41-444C-834B-7F8341C56F3A.jpg\" alt=\"\" width=\"750\" height=\"532\" \/><\/p>\n<p>Isha shum\u00eb e lumtur kur mu b\u00eb ftesa nga fondacioni Firdeus.<\/p>\n<p>Si mund ti thuash Jo misioneve kaq t\u00eb m\u00ebdha. Shihemi t\u00eb premten n\u00eb or\u00ebn 21:00 vet\u00ebm n\u00eb TCH dhe k\u00ebt\u00eb t\u00eb diel, mos harroni!\u201d.<\/p>\n<div id=\"blogs-3942655906\" class=\"blogs-after-content blogs-entity-placement\"><div id=\"div-gpt-ad-1770230601260-0\" style=\"width:300px; height:600px;\"><\/div><\/div><div id=\"blogs-161378786\" class=\"blogs-adsense-after-kontent blogs-entity-placement\"><script async src=\"https:\/\/pagead2.googlesyndication.com\/pagead\/js\/adsbygoogle.js\"\r\n     crossorigin=\"anonymous\"><\/script>\r\n<!-- Tiranaread -->\r\n<ins class=\"adsbygoogle\"\r\n     style=\"display:inline-block;width:728px;height:90px\"\r\n     data-ad-client=\"ca-pub-2355142065052501\"\r\n\t data-page-url=\"https:\/\/blogseyir.com\"\r\n     data-ad-slot=\"7464751963\"><\/ins>\r\n<script>\r\n     (adsbygoogle = window.adsbygoogle || []).push({});\r\n<\/script><\/div>","protected":false},"excerpt":{"rendered":"<p>Emisioni \u201cP\u00ebr Shqiptar\u00ebt\u201d, programi q\u00eb trajton historit\u00eb e shqiptar\u00ebve rikthehet s\u00ebrish n\u00eb \u201cTop Channel\u201d, por k\u00ebt\u00eb her\u00eb me nj\u00eb ndryshim. Kjo pasi k\u00ebt\u00eb sezon, Marina Vjollca nuk do jet\u00eb n\u00eb moderim, por do t\u00eb jet\u00eb Bora Zemani q\u00eb do ta prezantoj\u00eb emisionin. Ndon\u00ebse nuk dihet se p\u00ebrse \u00ebsht\u00eb b\u00ebr\u00eb ky z\u00ebvend\u00ebsim, por kujtojm\u00eb se Marina [&hellip;]<\/p>\n","protected":false},"author":1,"featured_media":11392,"comment_status":"open","ping_status":"closed","sticky":false,"template":"","format":"standard","meta":{"footnotes":""},"categories":[33],"tags":[64,501],"class_list":["post-11394","post","type-post","status-publish","format-standard","has-post-thumbnail","hentry","category-showbizi","tag-bora-zemani","tag-marina-vjollca"],"_links":{"self":[{"href":"https:\/\/blogseyir.com\/wp\/wp-json\/wp\/v2\/posts\/11394","targetHints":{"allow":["GET"]}}],"collection":[{"href":"https:\/\/blogseyir.com\/wp\/wp-json\/wp\/v2\/posts"}],"about":[{"href":"https:\/\/blogseyir.com\/wp\/wp-json\/wp\/v2\/types\/post"}],"author":[{"embeddable":true,"href":"https:\/\/blogseyir.com\/wp\/wp-json\/wp\/v2\/users\/1"}],"replies":[{"embeddable":true,"href":"https:\/\/blogseyir.com\/wp\/wp-json\/wp\/v2\/comments?post=11394"}],"version-history":[{"count":1,"href":"https:\/\/blogseyir.com\/wp\/wp-json\/wp\/v2\/posts\/11394\/revisions"}],"predecessor-version":[{"id":11395,"href":"https:\/\/blogseyir.com\/wp\/wp-json\/wp\/v2\/posts\/11394\/revisions\/11395"}],"wp:featuredmedia":[{"embeddable":true,"href":"https:\/\/blogseyir.com\/wp\/wp-json\/wp\/v2\/media\/11392"}],"wp:attachment":[{"href":"https:\/\/blogseyir.com\/wp\/wp-json\/wp\/v2\/media?parent=11394"}],"wp:term":[{"taxonomy":"category","embeddable":true,"href":"https:\/\/blogseyir.com\/wp\/wp-json\/wp\/v2\/categories?post=11394"},{"taxonomy":"post_tag","embeddable":true,"href":"https:\/\/blogseyir.com\/wp\/wp-json\/wp\/v2\/tags?post=11394"}],"curies":[{"name":"wp","href":"https:\/\/api.w.org\/{rel}","templated":true}]}}