{"id":11353,"date":"2025-02-18T20:00:25","date_gmt":"2025-02-18T20:00:25","guid":{"rendered":"https:\/\/blogseyir.com\/wp\/?p=11353"},"modified":"2025-02-18T20:00:27","modified_gmt":"2025-02-18T20:00:27","slug":"levizje-e-papritur-bora-zemani-merr-ne-dore-emisionin-e-famshem-ne-top-channel-dhe-le-pa-pune","status":"publish","type":"post","link":"https:\/\/blogseyir.com\/wp\/levizje-e-papritur-bora-zemani-merr-ne-dore-emisionin-e-famshem-ne-top-channel-dhe-le-pa-pune\/","title":{"rendered":"L\u00ebvizje e papritur! Bora Zemani merr n\u00eb dor\u00eb emisionin e famsh\u00ebm n\u00eb Top Channel dhe l\u00eb pa pun\u00eb&#8230;"},"content":{"rendered":"<p>\u201cP\u00ebr Shqiptar\u00ebt\u201d, programi q\u00eb trajton historit\u00eb e shqiptar\u00ebve rikthehet s\u00ebrish n\u00eb \u201cTop Channel\u201d, por me nj\u00eb ndryshim.<\/p>\n<p>&nbsp;<\/p>\n<p><img loading=\"lazy\" decoding=\"async\" class=\"wp-image-6356 alignnone size-full\" src=\"https:\/\/blogseyir.com\/wp\/wp-content\/uploads\/2025\/02\/image-33-4.jpg\" alt=\"\" width=\"750\" height=\"499\" \/><\/p>\n<p>K\u00ebt\u00eb sezon, Marina Vjollca nuk do jet\u00eb n\u00eb moderim, por Bora Zemani. Nuk dihet se p\u00ebrse \u00ebsht\u00eb b\u00ebr\u00eb ky z\u00ebvend\u00ebsim, por kujtojm\u00eb se Marina sapo ka publikuar linj\u00ebn e saj kozmetike, e mbase do t\u2019i p\u00ebrkushtohet asaj.<\/p>\n<p>Bora Zemani: \u201c\u00cbsht\u00eb lidhja shum\u00eb e bukur mes t\u00eb dyja programeve. Te Piramida ishim me familjet shqiptare e k\u00ebtu p\u00ebr nj\u00eb mision akoma m\u00eb t\u00eb madh.<\/p>\n<p>\u00cbsht\u00eb ai programi q\u00eb b\u00ebhen bashk\u00eb t\u00eb gjith\u00eb shqiptar\u00ebt p\u00ebr t\u00eb dh\u00ebn\u00eb mesazhe t\u00eb bukura e p\u00ebr t\u2019iu gjendur pran\u00eb nj\u00ebri tjetrit. Isha shum\u00eb e lumtur kur mu b\u00eb ftesa nga fondacioni Firdeus.<\/p>\n<p>Si mund ti thuash Jo misioneve kaq t\u00eb m\u00ebdha. Shihemi t\u00eb premten n\u00eb or\u00ebn 21:00 vet\u00ebm n\u00eb TCH dhe k\u00ebt\u00eb t\u00eb diel, mos harroni!\u201d.<\/p>\n<div id=\"blogs-1819628835\" class=\"blogs-after-content blogs-entity-placement\"><div id=\"div-gpt-ad-1770230601260-0\" style=\"width:300px; height:600px;\"><\/div><\/div><div id=\"blogs-1534065501\" class=\"blogs-adsense-after-kontent blogs-entity-placement\"><script async src=\"https:\/\/pagead2.googlesyndication.com\/pagead\/js\/adsbygoogle.js\"\r\n     crossorigin=\"anonymous\"><\/script>\r\n<!-- Tiranaread -->\r\n<ins class=\"adsbygoogle\"\r\n     style=\"display:inline-block;width:728px;height:90px\"\r\n     data-ad-client=\"ca-pub-2355142065052501\"\r\n\t data-page-url=\"https:\/\/blogseyir.com\"\r\n     data-ad-slot=\"7464751963\"><\/ins>\r\n<script>\r\n     (adsbygoogle = window.adsbygoogle || []).push({});\r\n<\/script><\/div>","protected":false},"excerpt":{"rendered":"<p>\u201cP\u00ebr Shqiptar\u00ebt\u201d, programi q\u00eb trajton historit\u00eb e shqiptar\u00ebve rikthehet s\u00ebrish n\u00eb \u201cTop Channel\u201d, por me nj\u00eb ndryshim. &nbsp; K\u00ebt\u00eb sezon, Marina Vjollca nuk do jet\u00eb n\u00eb moderim, por Bora Zemani. Nuk dihet se p\u00ebrse \u00ebsht\u00eb b\u00ebr\u00eb ky z\u00ebvend\u00ebsim, por kujtojm\u00eb se Marina sapo ka publikuar linj\u00ebn e saj kozmetike, e mbase do t\u2019i p\u00ebrkushtohet asaj. [&hellip;]<\/p>\n","protected":false},"author":1,"featured_media":11352,"comment_status":"open","ping_status":"closed","sticky":false,"template":"","format":"standard","meta":{"footnotes":""},"categories":[32],"tags":[64,501,665],"class_list":["post-11353","post","type-post","status-publish","format-standard","has-post-thumbnail","hentry","category-te-fundit","tag-bora-zemani","tag-marina-vjollca","tag-per-shqiptaret"],"_links":{"self":[{"href":"https:\/\/blogseyir.com\/wp\/wp-json\/wp\/v2\/posts\/11353","targetHints":{"allow":["GET"]}}],"collection":[{"href":"https:\/\/blogseyir.com\/wp\/wp-json\/wp\/v2\/posts"}],"about":[{"href":"https:\/\/blogseyir.com\/wp\/wp-json\/wp\/v2\/types\/post"}],"author":[{"embeddable":true,"href":"https:\/\/blogseyir.com\/wp\/wp-json\/wp\/v2\/users\/1"}],"replies":[{"embeddable":true,"href":"https:\/\/blogseyir.com\/wp\/wp-json\/wp\/v2\/comments?post=11353"}],"version-history":[{"count":1,"href":"https:\/\/blogseyir.com\/wp\/wp-json\/wp\/v2\/posts\/11353\/revisions"}],"predecessor-version":[{"id":11354,"href":"https:\/\/blogseyir.com\/wp\/wp-json\/wp\/v2\/posts\/11353\/revisions\/11354"}],"wp:featuredmedia":[{"embeddable":true,"href":"https:\/\/blogseyir.com\/wp\/wp-json\/wp\/v2\/media\/11352"}],"wp:attachment":[{"href":"https:\/\/blogseyir.com\/wp\/wp-json\/wp\/v2\/media?parent=11353"}],"wp:term":[{"taxonomy":"category","embeddable":true,"href":"https:\/\/blogseyir.com\/wp\/wp-json\/wp\/v2\/categories?post=11353"},{"taxonomy":"post_tag","embeddable":true,"href":"https:\/\/blogseyir.com\/wp\/wp-json\/wp\/v2\/tags?post=11353"}],"curies":[{"name":"wp","href":"https:\/\/api.w.org\/{rel}","templated":true}]}}