{"id":11223,"date":"2025-02-17T20:37:28","date_gmt":"2025-02-17T20:37:28","guid":{"rendered":"https:\/\/blogseyir.com\/wp\/?p=11223"},"modified":"2025-02-17T20:37:29","modified_gmt":"2025-02-17T20:37:29","slug":"e-hene-e-zeze-nje-tjeter-aksident-me-vdkje-ne-vend-zbardhen-detajet-tronditese","status":"publish","type":"post","link":"https:\/\/blogseyir.com\/wp\/e-hene-e-zeze-nje-tjeter-aksident-me-vdkje-ne-vend-zbardhen-detajet-tronditese\/","title":{"rendered":"E H\u00ebn\u00eb e zez\u00eb! Nj\u00eb tjet\u00ebr aksident me vd*kje n\u00eb vend, zbardhen detajet trondit\u00ebse"},"content":{"rendered":"<p>Nj\u00eb aksident tragjik ka ndodhur mbr\u00ebmjen e s\u00eb h\u00ebn\u00ebs n\u00eb fshatin Thuman\u00eb, Kruj\u00eb, ku nj\u00eb k\u00ebmb\u00ebsor 36-vje\u00e7ar ka humbur jet\u00ebn pasi \u00ebsht\u00eb p\u00ebrplasur nga nj\u00eb automjet.<\/p>\n<p>&nbsp;<\/p>\n<p><img loading=\"lazy\" decoding=\"async\" class=\"wp-image-6203 alignnone size-full\" src=\"https:\/\/blogseyir.com\/wp\/wp-content\/uploads\/2025\/02\/image-29-54.jpg\" alt=\"\" width=\"750\" height=\"496\" \/><\/p>\n<p>Sipas njoftimit t\u00eb policis\u00eb, ngjarja ka ndodhur rreth or\u00ebs 19:15, kur automjeti i drejtuar nga shtetasi D. S., 32 vje\u00e7, ka aksidentuar k\u00ebmb\u00ebsorin G. Gj., i cili nuk ka mundur t\u2019u mbijetoj\u00eb plag\u00ebve.<\/p>\n<p>Drejtuesi i mjetit \u00ebsht\u00eb shoq\u00ebruar nga autoritetet p\u00ebr veprime t\u00eb m\u00ebtejshme procedurale, nd\u00ebrkoh\u00eb q\u00eb grupi hetimor po punon p\u00ebr zbardhjen e plot\u00eb t\u00eb rrethanave t\u00eb aksidentit.<\/p>\n<div id=\"blogs-3494564504\" class=\"blogs-adsense-after-kontent blogs-entity-placement\"><script async src=\"https:\/\/pagead2.googlesyndication.com\/pagead\/js\/adsbygoogle.js\"\r\n     crossorigin=\"anonymous\"><\/script>\r\n<!-- Tiranaread -->\r\n<ins class=\"adsbygoogle\"\r\n     style=\"display:inline-block;width:728px;height:90px\"\r\n     data-ad-client=\"ca-pub-2355142065052501\"\r\n\t data-page-url=\"https:\/\/blogseyir.com\"\r\n     data-ad-slot=\"7464751963\"><\/ins>\r\n<script>\r\n     (adsbygoogle = window.adsbygoogle || []).push({});\r\n<\/script><\/div>","protected":false},"excerpt":{"rendered":"<p>Nj\u00eb aksident tragjik ka ndodhur mbr\u00ebmjen e s\u00eb h\u00ebn\u00ebs n\u00eb fshatin Thuman\u00eb, Kruj\u00eb, ku nj\u00eb k\u00ebmb\u00ebsor 36-vje\u00e7ar ka humbur jet\u00ebn pasi \u00ebsht\u00eb p\u00ebrplasur nga nj\u00eb automjet. &nbsp; Sipas njoftimit t\u00eb policis\u00eb, ngjarja ka ndodhur rreth or\u00ebs 19:15, kur automjeti i drejtuar nga shtetasi D. S., 32 vje\u00e7, ka aksidentuar k\u00ebmb\u00ebsorin G. Gj., i cili nuk [&hellip;]<\/p>\n","protected":false},"author":1,"featured_media":11222,"comment_status":"open","ping_status":"closed","sticky":false,"template":"","format":"standard","meta":{"footnotes":""},"categories":[32],"tags":[183,40],"class_list":["post-11223","post","type-post","status-publish","format-standard","has-post-thumbnail","hentry","category-te-fundit","tag-aksident","tag-te-fundit"],"_links":{"self":[{"href":"https:\/\/blogseyir.com\/wp\/wp-json\/wp\/v2\/posts\/11223","targetHints":{"allow":["GET"]}}],"collection":[{"href":"https:\/\/blogseyir.com\/wp\/wp-json\/wp\/v2\/posts"}],"about":[{"href":"https:\/\/blogseyir.com\/wp\/wp-json\/wp\/v2\/types\/post"}],"author":[{"embeddable":true,"href":"https:\/\/blogseyir.com\/wp\/wp-json\/wp\/v2\/users\/1"}],"replies":[{"embeddable":true,"href":"https:\/\/blogseyir.com\/wp\/wp-json\/wp\/v2\/comments?post=11223"}],"version-history":[{"count":1,"href":"https:\/\/blogseyir.com\/wp\/wp-json\/wp\/v2\/posts\/11223\/revisions"}],"predecessor-version":[{"id":11224,"href":"https:\/\/blogseyir.com\/wp\/wp-json\/wp\/v2\/posts\/11223\/revisions\/11224"}],"wp:featuredmedia":[{"embeddable":true,"href":"https:\/\/blogseyir.com\/wp\/wp-json\/wp\/v2\/media\/11222"}],"wp:attachment":[{"href":"https:\/\/blogseyir.com\/wp\/wp-json\/wp\/v2\/media?parent=11223"}],"wp:term":[{"taxonomy":"category","embeddable":true,"href":"https:\/\/blogseyir.com\/wp\/wp-json\/wp\/v2\/categories?post=11223"},{"taxonomy":"post_tag","embeddable":true,"href":"https:\/\/blogseyir.com\/wp\/wp-json\/wp\/v2\/tags?post=11223"}],"curies":[{"name":"wp","href":"https:\/\/api.w.org\/{rel}","templated":true}]}}