{"id":11061,"date":"2025-02-16T15:57:47","date_gmt":"2025-02-16T15:57:47","guid":{"rendered":"https:\/\/blogseyir.com\/wp\/?p=11061"},"modified":"2025-02-16T15:57:49","modified_gmt":"2025-02-16T15:57:49","slug":"eshte-shume-e-s-motra-e-gjestit-flet-per-romancen-e-tij-me-eglin","status":"publish","type":"post","link":"https:\/\/blogseyir.com\/wp\/eshte-shume-e-s-motra-e-gjestit-flet-per-romancen-e-tij-me-eglin\/","title":{"rendered":"\u201c\u00cbsht\u00eb shum\u00eb e s&#8230;\u201d \u2013 Motra e Gjestit flet p\u00ebr romanc\u00ebn e tij me Eglin"},"content":{"rendered":"<h2>Pas surpriz\u00ebs emocionuese q\u00eb i b\u00ebri t\u00eb v\u00ebllait n\u00eb sht\u00ebpin\u00eb e Big Brother VIP Albania,<\/h2>\n<p><img loading=\"lazy\" decoding=\"async\" class=\"wp-image-5943 alignnone size-full\" src=\"https:\/\/blogseyir.com\/wp\/wp-content\/uploads\/2025\/02\/18683E43-4EC7-44B4-983A-D11B533E9FF8.jpg\" alt=\"\" width=\"750\" height=\"371\" \/><\/p>\n<p>Blerina, motra e Gjestit, ka dh\u00ebn\u00eb nj\u00eb intervist\u00eb p\u00ebr emisionin Big Brother VIP Fan Club,<\/p>\n<p>ku ka ndar\u00eb mendimet e saj mbi rrug\u00ebtimin e Gjestit dhe raportin e tij me banor\u00ebt e tjer\u00eb.<\/p>\n<p>E pyetur n\u00ebse mendon q\u00eb Gjesti po luan nj\u00eb strategji n\u00eb k\u00ebt\u00eb format, ajo e mohoi nj\u00eb gj\u00eb t\u00eb till\u00eb dhe u shpreh e bindur se ai \u00ebsht\u00eb duke vepruar n\u00eb m\u00ebnyr\u00eb t\u00eb sinqert\u00eb.<\/p>\n<p>Po n\u00eb lidhje me Eglin, mendon se po luan?<\/p>\n<p>\u2013 Jo, nuk e mendoj. Sa e njoh un\u00eb, jo.<\/p>\n<p>Lidhur me afrimitetin e krijuar mes Gjestit dhe Eglit, Blerina u shpreh se vendimi u takon atyre, por, familja nuk \u00ebsht\u00eb kund\u00ebr nj\u00eb romance mes tyre.<\/p>\n<p>Do ju p\u00eblqente nj\u00eb romanc\u00eb mes Eglit dhe Gjestit?<\/p>\n<p>\u2013 Ata e vendosin vet\u00eb. Nuk jemi kund\u00ebr. Egli \u00ebsht\u00eb nj\u00eb vajz\u00eb shum\u00eb e mir\u00eb dhe shum\u00eb e sjellshme, por vendimi u p\u00ebrket atyre.<\/p>\n<p>Nj\u00eb tjet\u00ebr tem\u00eb e diskutuar ishin debatet e forta t\u00eb Gjestit me Jozin dhe G-Banin. Blerina nuk e fshehu shqet\u00ebsimin e saj p\u00ebr situatat e tensionuara, por gjithashtu u shpreh se familja nuk e ka par\u00eb t\u00eb nevojshme t\u00eb jap\u00eb nj\u00eb opinion t\u00eb prer\u00eb mbi k\u00ebt\u00eb \u00e7\u00ebshtje.<\/p>\n<p>Si jeni ndier kur keni par\u00eb debatet e ashpra t\u00eb Gjestit me Jozin dhe G-Banin?<\/p>\n<p>\u2013 Normal q\u00eb nuk jemi ndier mir\u00eb, por nuk kemi pasur ndonj\u00eb mendim. Ka ndodhur. \/Telegrafi\/<\/p>\n<p><iframe loading=\"lazy\" title=\"Ekskluzive\/ Pas surpriz\u00ebs n\u00eb BBV, motra e Gjestit flet p\u00ebr marr\u00ebdh\u00ebnien e tij me Eglin -Fan Club\" width=\"500\" height=\"281\" src=\"https:\/\/www.youtube.com\/embed\/0VJOGTuWBiU?feature=oembed\" frameborder=\"0\" allow=\"accelerometer; autoplay; clipboard-write; encrypted-media; gyroscope; picture-in-picture; web-share\" referrerpolicy=\"strict-origin-when-cross-origin\" allowfullscreen><\/iframe><\/p>\n<div id=\"blogs-1290040794\" class=\"blogs-after-content blogs-entity-placement\"><div id=\"div-gpt-ad-1770230601260-0\" style=\"width:300px; height:600px;\"><\/div><\/div><div id=\"blogs-3148324934\" class=\"blogs-adsense-after-kontent blogs-entity-placement\"><script async src=\"https:\/\/pagead2.googlesyndication.com\/pagead\/js\/adsbygoogle.js\"\r\n     crossorigin=\"anonymous\"><\/script>\r\n<!-- Tiranaread -->\r\n<ins class=\"adsbygoogle\"\r\n     style=\"display:inline-block;width:728px;height:90px\"\r\n     data-ad-client=\"ca-pub-2355142065052501\"\r\n\t data-page-url=\"https:\/\/blogseyir.com\"\r\n     data-ad-slot=\"7464751963\"><\/ins>\r\n<script>\r\n     (adsbygoogle = window.adsbygoogle || []).push({});\r\n<\/script><\/div>","protected":false},"excerpt":{"rendered":"<p>Pas surpriz\u00ebs emocionuese q\u00eb i b\u00ebri t\u00eb v\u00ebllait n\u00eb sht\u00ebpin\u00eb e Big Brother VIP Albania, Blerina, motra e Gjestit, ka dh\u00ebn\u00eb nj\u00eb intervist\u00eb p\u00ebr emisionin Big Brother VIP Fan Club, ku ka ndar\u00eb mendimet e saj mbi rrug\u00ebtimin e Gjestit dhe raportin e tij me banor\u00ebt e tjer\u00eb. E pyetur n\u00ebse mendon q\u00eb Gjesti po [&hellip;]<\/p>\n","protected":false},"author":1,"featured_media":11060,"comment_status":"open","ping_status":"closed","sticky":false,"template":"","format":"standard","meta":{"footnotes":""},"categories":[33],"tags":[92,650],"class_list":["post-11061","post","type-post","status-publish","format-standard","has-post-thumbnail","hentry","category-showbizi","tag-bbv4","tag-motra-e-gjestit"],"_links":{"self":[{"href":"https:\/\/blogseyir.com\/wp\/wp-json\/wp\/v2\/posts\/11061","targetHints":{"allow":["GET"]}}],"collection":[{"href":"https:\/\/blogseyir.com\/wp\/wp-json\/wp\/v2\/posts"}],"about":[{"href":"https:\/\/blogseyir.com\/wp\/wp-json\/wp\/v2\/types\/post"}],"author":[{"embeddable":true,"href":"https:\/\/blogseyir.com\/wp\/wp-json\/wp\/v2\/users\/1"}],"replies":[{"embeddable":true,"href":"https:\/\/blogseyir.com\/wp\/wp-json\/wp\/v2\/comments?post=11061"}],"version-history":[{"count":1,"href":"https:\/\/blogseyir.com\/wp\/wp-json\/wp\/v2\/posts\/11061\/revisions"}],"predecessor-version":[{"id":11062,"href":"https:\/\/blogseyir.com\/wp\/wp-json\/wp\/v2\/posts\/11061\/revisions\/11062"}],"wp:featuredmedia":[{"embeddable":true,"href":"https:\/\/blogseyir.com\/wp\/wp-json\/wp\/v2\/media\/11060"}],"wp:attachment":[{"href":"https:\/\/blogseyir.com\/wp\/wp-json\/wp\/v2\/media?parent=11061"}],"wp:term":[{"taxonomy":"category","embeddable":true,"href":"https:\/\/blogseyir.com\/wp\/wp-json\/wp\/v2\/categories?post=11061"},{"taxonomy":"post_tag","embeddable":true,"href":"https:\/\/blogseyir.com\/wp\/wp-json\/wp\/v2\/tags?post=11061"}],"curies":[{"name":"wp","href":"https:\/\/api.w.org\/{rel}","templated":true}]}}