{"id":10726,"date":"2025-02-13T15:56:43","date_gmt":"2025-02-13T15:56:43","guid":{"rendered":"https:\/\/blogseyir.com\/wp\/?p=10726"},"modified":"2025-02-13T15:56:46","modified_gmt":"2025-02-13T15:56:46","slug":"menduam-qe-dimri-mbaroi-por-jo-moti-bene-kthesen-e-papritur-ulen-temperaturat-dhe-nis-dimri-i-dyte-ja-cfare-parashikon-meteorologia","status":"publish","type":"post","link":"https:\/\/blogseyir.com\/wp\/menduam-qe-dimri-mbaroi-por-jo-moti-bene-kthesen-e-papritur-ulen-temperaturat-dhe-nis-dimri-i-dyte-ja-cfare-parashikon-meteorologia\/","title":{"rendered":"Menduam q\u00eb dimri mbaroi, por jo! Moti b\u00ebn\u00eb kthes\u00ebn e papritur, ulen temperaturat dhe nis &#8216;Dimri i dyt\u00eb&#8230;&#8217; Ja cfar\u00eb parashikon meteorologia"},"content":{"rendered":"<p>Dita e sotme ka nisur me reshje shiu dhe gjat\u00eb pasdites ato do t\u00eb p\u00ebrfshijn\u00eb t\u00eb gjith\u00eb territorin. Meteorologia Tanja Porja, informoi mbi kushtet meteorologjike n\u00eb vend, sipas t\u00eb cil\u00ebs reshjet m\u00eb t\u00eb shpeshta priten n\u00eb veriper\u00ebndim e juglindje.<\/p>\n<p>&nbsp;<\/p>\n<p><img loading=\"lazy\" decoding=\"async\" class=\"wp-image-5545 alignnone size-full\" src=\"https:\/\/blogseyir.com\/wp\/wp-content\/uploads\/2025\/02\/image-26-23.jpg\" alt=\"\" width=\"750\" height=\"499\" \/><\/p>\n<p>\u201cReshje n\u00eb t\u00eb gjith\u00eb territorin n\u00eb zonat per\u00ebndimore e jug, gjat\u00eb pasdites n\u00eb t\u00eb gjith\u00eb territorin. Reshje m\u00eb t\u00eb shpeshta pritet n\u00eb veriper\u00ebndim e juglindje. Reshje t\u00eb pakta n\u00eb zonat qendrore. Era do t\u00eb jet\u00eb e fort\u00eb n\u00eb hap\u00ebsirat detare, vran\u00ebsira n\u00eb t\u00eb gjith\u00eb territorin. Termometri sh\u00ebnon rritje, maksimumi n\u00eb zonat malore do t\u00eb jet\u00eb 8 grad\u00eb celsius n\u00eb mesdit\u00eb, nd\u00ebrsa n\u00eb zonat per\u00ebndimore 13-14 grad\u00eb\u201d, tha Porja.<\/p>\n<p>Sipas meteorologes moti i paq\u00ebndruesh\u00ebm do t\u00eb vijoj\u00eb deri t\u00eb shtun\u00ebn, nd\u00ebrsa nga e diela ulen s\u00ebrish temperaturat.<\/p>\n<p>\u201cMoti i paq\u00ebndruesh\u00ebm do t\u00eb vijoj\u00eb deri t\u00eb shtun\u00ebn. T\u00eb diel\u00ebn, t\u00eb h\u00ebn\u00ebn dhe n\u00eb vijim dit\u00eb me diell n\u00eb territor. Nes\u00ebr rriten temperaturat. Gjat\u00eb or\u00ebve t\u00eb para n\u00eb zonat malore nes\u00ebr do t\u00eb jet\u00eb minus 1 grad\u00eb, nd\u00ebrsa maksimumi ngjitet n\u00eb 16 grad\u00eb. E diela dhe e h\u00ebna sjellin freskim t\u00eb kushteve t\u00eb motit. M\u00ebngjesi i t\u00eb diel\u00ebs sjell r\u00ebnie me 3 grad\u00eb. E h\u00ebna dhe e marta me vran\u00ebsira t\u00eb dukshme. Nga e marta e n\u00eb vijim kemi s\u00ebrish mot me diell, por me temperatura tipike t\u00eb dimrit\u201d, theksoi meteorologia.<\/p>\n<p>Po k\u00ebshtu me reshje do t\u00eb jet\u00eb edhe i gjith\u00eb Ballkani, nd\u00ebrsa n\u00eb veri do t\u00eb ket\u00eb reshje bore.<\/p>\n<p>\u201cReshje edhe n\u00eb Ballkan, d\u00ebbor\u00eb n\u00eb veri t\u00eb Ballkanit nga Budapesti af\u00ebr Malit t\u00eb zi. Mal i zi me reshje e rrebeshe. Reshje ne jug t\u00eb Maqedonis\u00eb\u201d, tha Porja.<\/p>\n<div id=\"blogs-472365333\" class=\"blogs-after-content blogs-entity-placement\"><div id=\"div-gpt-ad-1770230601260-0\" style=\"width:300px; height:600px;\"><\/div><\/div><div id=\"blogs-2747030558\" class=\"blogs-adsense-after-kontent blogs-entity-placement\"><script async src=\"https:\/\/pagead2.googlesyndication.com\/pagead\/js\/adsbygoogle.js\"\r\n     crossorigin=\"anonymous\"><\/script>\r\n<!-- Tiranaread -->\r\n<ins class=\"adsbygoogle\"\r\n     style=\"display:inline-block;width:728px;height:90px\"\r\n     data-ad-client=\"ca-pub-2355142065052501\"\r\n\t data-page-url=\"https:\/\/blogseyir.com\"\r\n     data-ad-slot=\"7464751963\"><\/ins>\r\n<script>\r\n     (adsbygoogle = window.adsbygoogle || []).push({});\r\n<\/script><\/div>","protected":false},"excerpt":{"rendered":"<p>Dita e sotme ka nisur me reshje shiu dhe gjat\u00eb pasdites ato do t\u00eb p\u00ebrfshijn\u00eb t\u00eb gjith\u00eb territorin. Meteorologia Tanja Porja, informoi mbi kushtet meteorologjike n\u00eb vend, sipas t\u00eb cil\u00ebs reshjet m\u00eb t\u00eb shpeshta priten n\u00eb veriper\u00ebndim e juglindje. &nbsp; \u201cReshje n\u00eb t\u00eb gjith\u00eb territorin n\u00eb zonat per\u00ebndimore e jug, gjat\u00eb pasdites n\u00eb t\u00eb gjith\u00eb [&hellip;]<\/p>\n","protected":false},"author":1,"featured_media":10725,"comment_status":"open","ping_status":"closed","sticky":false,"template":"","format":"standard","meta":{"footnotes":""},"categories":[32],"tags":[146,39,148,147],"class_list":["post-10726","post","type-post","status-publish","format-standard","has-post-thumbnail","hentry","category-te-fundit","tag-lajda-porja","tag-moti","tag-shi","tag-shqiperi"],"_links":{"self":[{"href":"https:\/\/blogseyir.com\/wp\/wp-json\/wp\/v2\/posts\/10726","targetHints":{"allow":["GET"]}}],"collection":[{"href":"https:\/\/blogseyir.com\/wp\/wp-json\/wp\/v2\/posts"}],"about":[{"href":"https:\/\/blogseyir.com\/wp\/wp-json\/wp\/v2\/types\/post"}],"author":[{"embeddable":true,"href":"https:\/\/blogseyir.com\/wp\/wp-json\/wp\/v2\/users\/1"}],"replies":[{"embeddable":true,"href":"https:\/\/blogseyir.com\/wp\/wp-json\/wp\/v2\/comments?post=10726"}],"version-history":[{"count":1,"href":"https:\/\/blogseyir.com\/wp\/wp-json\/wp\/v2\/posts\/10726\/revisions"}],"predecessor-version":[{"id":10727,"href":"https:\/\/blogseyir.com\/wp\/wp-json\/wp\/v2\/posts\/10726\/revisions\/10727"}],"wp:featuredmedia":[{"embeddable":true,"href":"https:\/\/blogseyir.com\/wp\/wp-json\/wp\/v2\/media\/10725"}],"wp:attachment":[{"href":"https:\/\/blogseyir.com\/wp\/wp-json\/wp\/v2\/media?parent=10726"}],"wp:term":[{"taxonomy":"category","embeddable":true,"href":"https:\/\/blogseyir.com\/wp\/wp-json\/wp\/v2\/categories?post=10726"},{"taxonomy":"post_tag","embeddable":true,"href":"https:\/\/blogseyir.com\/wp\/wp-json\/wp\/v2\/tags?post=10726"}],"curies":[{"name":"wp","href":"https:\/\/api.w.org\/{rel}","templated":true}]}}